{"id":10713,"date":"2024-01-31T12:12:06","date_gmt":"2024-01-31T11:12:06","guid":{"rendered":"https:\/\/www.direkt36.hu\/?p=10713"},"modified":"2024-02-26T17:10:32","modified_gmt":"2024-02-26T16:10:32","slug":"zart-ajtok-mogott-orban-valami-nagyon-mast-hozott-fel-ukrajna-eu-csatlakozasa-ellen","status":"publish","type":"post","link":"https:\/\/www.direkt36.hu\/en\/zart-ajtok-mogott-orban-valami-nagyon-mast-hozott-fel-ukrajna-eu-csatlakozasa-ellen\/","title":{"rendered":"Orb\u00e1n\u2019s true reasons for opposing Ukraine\u2019s EU accession revealed"},"content":{"rendered":"<p>At the end of last year, Hungarian Prime Minister Viktor Orb\u00e1n was in the spotlight again, after being the only EU leader to oppose starting Ukraine\u2019s EU accession talks. Among the arguments put forward by Orb\u00e1n were that Ukraine was too corrupt and that its accession would impose a huge financial burden on other member states.<\/p>\n<p>But months earlier, in a closed meeting, he voiced very different concerns. They were rather related to fears about his own government&#8217;s geopolitical maneuvering. He said that Ukraine\u2019s accession to the EU would change the balance of power in Europe and give the United States too much influence in the region.<\/p>\n<p>This meeting took place last spring in the Hungarian Parliament. Orb\u00e1n was speaking at what MPs called the \u201cEU Grand Council,\u201d a Hungarian parliamentary forum that must be convened before European Council summits. Here, the prime minister is usually briefing senior members of parliament, including several opposition MPs, on what to expect at the summit in Brussels in a few days&#8217; time.<\/p>\n<p style=\"text-align: center;\"><a href=\"https:\/\/www.direkt36.hu\/en\/tamogass-minket\/\">Help us tell the truth in Hungary. Become a supporter!<\/a><\/p>\n<p>According to regular participants in the \u201cEU Grand Council,\u201d the atmosphere here is much calmer than in public parliamentary sessions, and Orb\u00e1n often shares his more far-reaching visions. Direkt36 learned about the details of the 2023 spring meeting from sources with close knowledge of the details of the discussion. We asked Orb\u00e1n&#8217;s press chief several questions to confirm what the prime minister said but have not received any answers.<\/p>\n<h3><strong>US masterplan<\/strong><\/h3>\n<p>Last year, the European Council summit took place on March 23, and it did not yet include the start of Ukraine&#8217;s accession to the EU on its official agenda. Orb\u00e1n, however, did dive into the issue at this closed session of the Hungarian parliament held a few days earlier, on March 20.<\/p>\n<p>According to sources familiar with the details of the meeting, the prime minister told the participants that, according to intelligence reports, the United States had promised Ukraine that EU accession talks with the war-torn country would start in 2023. \u201cZelensky will go into the presidential election campaign with the message that negotiations with Ukraine have begun,\u201d Orb\u00e1n said, suggesting that this would strengthen Zelensky&#8217;s domestic political position.<\/p>\n<p>(Orb\u00e1n did not mention it, but Ukraine&#8217;s integration process has a history. The country was granted candidate status in June 2022, after applying for membership just days after the Russian invasion began. At the beginning of 2023, leading Ukrainian politicians expected that the accession negotiations could start soon. Although EU leaders voted to open negotiations late last year, it now looks likely that Ukraine&#8217;s presidential elections will not take place in spring 2024 due to the war.)<\/p>\n<p>However, Orb\u00e1n said that things would not go so smoothly, referring to the need for unanimity to approve the start of accession negotiations and that the Hungarian government can impose its will in certain issues. The prime minister said they would insist that Ukraine restore the rights that the Hungarian minority enjoyed before 2015. Orb\u00e1n also said that this was a position that was easy to represent in public, a principle similar to \u201cwhite men eat with forks and knives\u201d (a Hungarian saying which means that something is evident).<\/p>\n<p>Orb\u00e1n also added that the Hungarian government would accept no new Ukrainian proposals in the field of minority rights, as it is unpredictable how they would actually work in practice. (The reference to the pre-2015 situation in minority rights in Ukraine has been part of the Hungarian government\u2019s communication for some time, and foreign minister P\u00e9ter Szijj\u00e1rt\u00f3 <a href=\"https:\/\/www.facebook.com\/szijjarto.peter.official\/posts\/748962696697026?ref=embed_post\">posted about it<\/a> on Facebook a few days after the parliamentary council meeting.)<\/p>\n<p>Orb\u00e1n, however, indicated that while he believes Hungary can achieve some results, it would not be able to put up any substantial obstacles to Ukraine&#8217;s accession. He said that, despite his objections, Ukraine\u2019s EU membership would be \u201cpushed through relatively quickly.\u201d<\/p>\n<p>He then turned to the geopolitical risks he sees in Ukraine\u2019s EU membership. Orb\u00e1n said that Ukraine&#8217;s accession would create such a \u201ccenter of power\u201d within the EU which would be dominated by the United States, militarily, politically as well as economically. This north-central European zone would include, according to Orb\u00e1n, the three Baltic states, Poland, Ukraine \u2013 which has been deprived of parts of its territory by Russia \u2013, and, to a lesser extent, Romania (countries which, fearing Russia, maintain closer ties with the US).<\/p>\n<p>According to the prime minister, the importance of this north-central European zone is also shown by the fact that the US is now deploying weapons only in Poland and Ukraine, instead of Western Europe. \u201cWe will see about Belarus, one or two colorful revolutions could still happen there,\u201d Orb\u00e1n said, referring to the series of protests that broke out in several post-Soviet countries earlier \u2013 and which the Russians say were supported by the US. According to Orb\u00e1n, a possible Belarusian revolution would make this US-dominated European zone even larger.<\/p>\n<p>The prime minister also went on to consider how large the population of this bloc would be. Orb\u00e1n gave concrete figures, calculating that the population of the Baltic states, Poland, and Ukraine would exceed that of France so that this zone would be more influential than France. Orb\u00e1n also said that he had shared this theory with Emmanuel Macron, but it was \u201cnot quite clear\u201d to the French president \u201chow should it all be added up\u201d (meaning the population of these countries).<\/p>\n<div id=\"attachment_10719\" style=\"width: 810px\" class=\"wp-caption alignnone\"><img loading=\"lazy\" decoding=\"async\" aria-describedby=\"caption-attachment-10719\" class=\"size-medium wp-image-10719\" src=\"https:\/\/www.direkt36.hu\/wp-content\/uploads\/2024\/01\/Marcon_01-800x449.jpeg\" alt=\"Orb\u00e1n a francia eln\u00f6kkel, aki \u00e1ll\u00edt\u00f3lag nem \u00e9rtette a magyar korm\u00e1nyf\u0151 sz\u00e1m\u00edt\u00e1sait \u2013 Forr\u00e1s: Orb\u00e1n\/Facebook\" width=\"800\" height=\"449\" srcset=\"https:\/\/www.direkt36.hu\/wp-content\/uploads\/2024\/01\/Marcon_01-800x449.jpeg 800w, https:\/\/www.direkt36.hu\/wp-content\/uploads\/2024\/01\/Marcon_01-1200x674.jpeg 1200w, https:\/\/www.direkt36.hu\/wp-content\/uploads\/2024\/01\/Marcon_01-768x431.jpeg 768w, https:\/\/www.direkt36.hu\/wp-content\/uploads\/2024\/01\/Marcon_01-1536x863.jpeg 1536w, https:\/\/www.direkt36.hu\/wp-content\/uploads\/2024\/01\/Marcon_01.jpeg 2026w\" sizes=\"(max-width: 800px) 100vw, 800px\" \/><p id=\"caption-attachment-10719\" class=\"wp-caption-text\">Orb\u00e1n and Macron \u2013 Source: Orb\u00e1n\/Facebook<\/p><\/div>\n<p>In this 2023 closed session, Orb\u00e1n also spoke about the figures he had shared with Macron. In the case of Ukraine\u2019s future population, he put it at 20 million, suggesting that the population of the country, which was 32 million before the war, would decrease by that much because of the Russian invasion (Orb\u00e1n\u2019s own calculation slightly underestimated the French population and overestimated the number of Poles, because, if official figures are taken into account, Poland, with 38 million, the Baltic states, with 6.1 million, and Ukraine, with 20 million, together do not exceed France\u2019s population of 68 million).<\/p>\n<p>Orb\u00e1n claimed that this bloc would be significant economically too. He expected that this would be due, among other things, to the inflow of US investments and resources for the reconstruction of Ukraine. All this, he said, will lead to \u201cthis new power center\u201d being \u201ceconomically stronger than Germany.\u201d Orb\u00e1n believed that this strategy, which he calls \u201cAmerican-Polish\u201d strategy, would change the balance of power within the EU and reduce the influence of the currently dominant German-French axis.<\/p>\n<p>\u201cWe had an offer to the good French and Germans, who did not accept it,&#8221; Orb\u00e1n said of his earlier attempts to maintain the status quo within the EU. To this end, he proposed that the Franco-German axis should be complemented by the Visegr\u00e1d Four (i.e. the Czech Republic, Hungary, Poland, Slovakia), which, Orb\u00e1n argued, could have consolidated the EU&#8217;s eastern half, had they been more closely involved in EU decision-making. According to Orb\u00e1n, his proposal did not get support because Germany saw the Visegr\u00e1d group as a rival, and tried to break it up instead. According to the prime minister&#8217;s logic, this is why, among other things, rule of law proceedings were launched against Poland. Orb\u00e1n concluded that the Germans and the French have caused trouble for themselves, and instead of \u201cstrengthening Europe&#8217;s strategic autonomy\u201d they have offered Central Europe up for grabs to the Americans.<\/p>\n<p>Orb\u00e1n\u2019s speech also revealed that this shift of power bothers him because it interferes with his own strategic vision. The prime minister said that he believes that the center of gravity of the world economy is shifting from the West to Asia, including China, mainly for demographic reasons. Orb\u00e1n said he did not think it was right that \u201cthe Americans are reacting to this by splitting the world economy in two.\u201d He said that in this process, we should not choose between the Western and Eastern hemispheres, but instead &#8220;we should be able to develop all kinds of relations with everyone in accordance with our own interests.\u201d He said that Hungary should take advantage of the benefits of both Western and Eastern relations in the next decade.<\/p>\n<p>Orb\u00e1n listed a number of Eastern countries that he considered important for the implementation of this \u201cHungarian strategy.\u201d He mentioned China, for example. He said that the Hungarian government also wants to deepen relations with India, but that they have not yet found a way to do so. He also added that, after the end of the war, \u201csome kind of relationship with the Russians will have to be established within the new security framework.\u201d<\/p>\n<p>The prime minister has already shared some of these ideas publicly. For example, he said similar things <a href=\"https:\/\/kormany.hu\/beszedek-interjuk\/miniszterelnok\/orban-viktor-beszede-a-magyar-kereskedelmi-es-iparkamara-gazdasagi-evnyito-esemenyen-20230309\">in a speech to the Hungarian Chamber of Commerce and Industry<\/a> a few days before this parliamentary meeting in spring 2023. Here, however, Orb\u00e1n presented his theory much more briefly, and his comments on the role of the United States were limited, so they received less attention.<\/p>\n<h3><strong>Money would flow into US pockets<\/strong><\/h3>\n<p>The Hungarian government started to criticize launching Ukraine&#8217;s EU accession talks more vehemently after the European Commission made an official proposal at the beginning of November 2023. The Hungarian government reacted to the announcement by following the agenda outlined by Orb\u00e1n, referring to minority rights as an obstacle. Later that day, P\u00e9ter Szijj\u00e1rt\u00f3 said in a Facebook video that Ukraine was not fit for EU membership. \u201cWe Hungarians continue to expect Ukraine to return to the Hungarian community in Transcarpathia all the rights they possessed in 2015,\u201d he said.<\/p>\n<p>In the meantime, however, Ukraine also took action. Early December last year, several laws necessary for the start of accession were adopted, including one on minority rights. The new law made it possible to teach in official EU languages, including Hungarian, in Ukrainian schools. In response, the Hungarian government said that it would evaluate the new law, but that it was still a long way from the restoration of the pre-2015 minority rights.<\/p>\n<div id=\"attachment_10720\" style=\"width: 810px\" class=\"wp-caption alignnone\"><img loading=\"lazy\" decoding=\"async\" aria-describedby=\"caption-attachment-10720\" class=\"size-medium wp-image-10720\" src=\"https:\/\/www.direkt36.hu\/wp-content\/uploads\/2024\/01\/EU-csu\u0301cs_02-800x444.jpeg\" alt=\"Orb\u00e1n eur\u00f3pai uni\u00f3s vezet\u0151kkel \u2013 Forr\u00e1s: Orb\u00e1n\/Facebook\" width=\"800\" height=\"444\" srcset=\"https:\/\/www.direkt36.hu\/wp-content\/uploads\/2024\/01\/EU-csu\u0301cs_02-800x444.jpeg 800w, https:\/\/www.direkt36.hu\/wp-content\/uploads\/2024\/01\/EU-csu\u0301cs_02-1200x666.jpeg 1200w, https:\/\/www.direkt36.hu\/wp-content\/uploads\/2024\/01\/EU-csu\u0301cs_02-768x427.jpeg 768w, https:\/\/www.direkt36.hu\/wp-content\/uploads\/2024\/01\/EU-csu\u0301cs_02-1536x853.jpeg 1536w, https:\/\/www.direkt36.hu\/wp-content\/uploads\/2024\/01\/EU-csu\u0301cs_02.jpeg 1914w\" sizes=\"(max-width: 800px) 100vw, 800px\" \/><p id=\"caption-attachment-10720\" class=\"wp-caption-text\">Orb\u00e1n and leaders of EU \u2013 Source: Orb\u00e1n\/Facebook<\/p><\/div>\n<p>In the period that followed, references to minority rights were scaled back in government communication. Orb\u00e1n also started to use different arguments. One of them was that Ukraine was not ready for accession. \u201cUkraine is known as one of the most corrupt countries in the world. This is a joke!\u201d he told the French weekly Le Point last December.<\/p>\n<p>Among the prime minister\u2019s counterarguments was that huge amounts of money would be spent on the reconstruction of Ukraine. For example, he told the Hungarian parliament on December 13 last year that Ukraine would receive ten times more in EU agricultural subsidies than Hungary was entitled to. \u201cMoreover, a substantial part of this money would actually go into the pockets of the Americans, who have bought into the Ukrainian agricultural sector up to their necks,\u201d he said. He added that US Secretary of State Antony Blinken recently said that 90 percent of the money the US sends to Ukraine comes back to the US and helps create jobs and growth on US soil.<\/p>\n<p>In a letter to European Council President Charles Michel in early December last year, Orb\u00e1n suggested that <a href=\"https:\/\/www.bloomberg.com\/news\/articles\/2023-12-04\/hungary-demands-eu-drop-ukraine-membership-from-summit-agenda?srnd=premium-europe\">the issue of Ukraine\u2019s accession should be removed from the agenda of the next European Council<\/a>. The European Commission\u2019s proposal needed a unanimous decision by the leaders of the member states at the summit on December 14-15.<\/p>\n<p>Orb\u00e1n also told Michel that he did not agree with the \u20ac50 billion in financial support for Ukraine planned until 2027. The prime minister\u2019s previous statements showed that he was opposed to this because he was against the EU taking a loan for it. Moreover, he felt that it was a waste of money because the Ukrainian army had not delivered the expected military results.<\/p>\n<p>Orb\u00e1n\u2019s threat of a veto drew a lot of attention at the December summit. On the first day of the meeting, the opening of accession negotiations was approved. This was achieved by Orb\u00e1n leaving the room at the moment of the vote, as suggested by German Chancellor Olaf Scholz, in a pre-arranged way. The Hungarian government said afterwards that unanimity would be needed in many cases during the long accession negotiations anyway, so there would be still plenty of opportunity for them to veto.<\/p>\n<p>The next day, however, Orb\u00e1n vetoed the decision on the financial support for Ukraine, which was more urgent than starting the EU accession negotiations. It later emerged that Orb\u00e1n was open to some kind of a compromise on this issue too. In early January 2024, <a href=\"https:\/\/www.politico.eu\/article\/viktor-orban-hungary-floats-compromise-aid-ukraine-european-union\/\">Politico reported<\/a> that the Hungarian government had suggested that the veto would be lifted if funding for Ukraine was reviewed on a yearly basis. This would mean that the Hungarian government would have the opportunity to blackmail the EU with a veto every year.<\/p>\n<p><em>Illustration: Szarvas \/ Telex<\/em><\/p>","protected":false},"excerpt":{"rendered":"<p>According to information obtained by Direkt36,  prime minister Orb\u00e1n said at a closed-door meeting last spring that Ukraine&#8217;s accession would increase US influence in the region. He also said that he had warned French President Emmanuel Macron about this but that he did not fully understand Orb\u00e1n&#8217;s calculations.<\/p>\n","protected":false},"author":25,"featured_media":10718,"comment_status":"closed","ping_status":"closed","sticky":false,"template":"single-telex.php","format":"standard","meta":{"footnotes":""},"categories":[21],"tags":[604,101,481,259,338,339],"ppma_author":[547],"aioseo_notices":[],"fimg_url":["https:\/\/www.direkt36.hu\/wp-content\/uploads\/2024\/01\/image.jpg",1492,1002,false],"authors":[{"term_id":547,"user_id":25,"is_guest":0,"slug":"pufi","display_name":"Andr\u00e1s Szab\u00f3","avatar_url":{"url":"https:\/\/www.direkt36.hu\/wp-content\/uploads\/2023\/10\/Szabo-Andras.png","url2x":"https:\/\/www.direkt36.hu\/wp-content\/uploads\/2023\/10\/Szabo-Andras.png"},"author_category":"","user_url":"","last_name":"Szab\u00f3","first_name":"Andr\u00e1s","job_title":"","description":"[:hu]Andr\u00e1s nyolc \u00e9vig dolgozott \u00fajs\u00e1g\u00edr\u00f3k\u00e9nt az Orig\u00f3n\u00e1l, \u00e9s t\u00f6bb \u00e9vet elt\u00f6lt\u00f6tt az Indexn\u00e9l \u00e9s a vs.hu-n\u00e1l is. A Direkt36-n\u00e1l az orosz-magyar kapcsolatokkal, a Fidesz-k\u00f6zeli \u00fczleti k\u00f6r\u00f6k tev\u00e9kenys\u00e9g\u00e9vel, \u00e9s az Orb\u00e1n-korm\u00e1ny d\u00f6nt\u00e9shozatal\u00e1nak folyamataival foglalkozik. 2011-ben G\u0151b\u00f6ly\u00f6s Soma-d\u00edjat, 2010-ben pedig Min\u0151s\u00e9gi \u00fajs\u00e1g\u00edr\u00e1s\u00e9rt d\u00edjat nyert, mindkett\u0151t az\u00e9rt a cikksorozat\u00e1\u00e9rt, amely a Gyurcs\u00e1ny-korm\u00e1ny egyik korrupci\u00f3gyan\u00fas ingatlanelad\u00e1s\u00e1t mutatta be.[:en]Andr\u00e1s worked eight years as a journalist at Origo, a then prestigious online news site, but also spent several years at Index and vs.hu news outlets. At Direkt36 he covers Russian-Hungarian relations, activities of business circles close to Fidesz, and political decision making processes of the Orb\u00e1n government. In 2011 he received the G\u0151b\u00f6ly\u00f6s Soma Award dedicated to investigative journalism in Hungary, and in 2010 he won the Quality Journalism Award, both for a series of articles that focused on a corruption case connected to the former Socialist-led government.[:]"}],"tag_names":[{"name":"United States","slug":"egyesult-allamok"},{"name":"European Union","slug":"europai-unio"},{"name":"Poland","slug":"lengyelorszag"},{"name":"Viktor Orb\u00e1n","slug":"orban-viktor"},{"name":"Ukraine","slug":"ukrajna"},{"name":"usa","slug":"usa"}],"category_names":[{"name":"The Russian Connection","slug":"orosz-kapcsolatok"}],"_links":{"self":[{"href":"https:\/\/www.direkt36.hu\/en\/wp-json\/wp\/v2\/posts\/10713"}],"collection":[{"href":"https:\/\/www.direkt36.hu\/en\/wp-json\/wp\/v2\/posts"}],"about":[{"href":"https:\/\/www.direkt36.hu\/en\/wp-json\/wp\/v2\/types\/post"}],"author":[{"embeddable":true,"href":"https:\/\/www.direkt36.hu\/en\/wp-json\/wp\/v2\/users\/25"}],"replies":[{"embeddable":true,"href":"https:\/\/www.direkt36.hu\/en\/wp-json\/wp\/v2\/comments?post=10713"}],"version-history":[{"count":9,"href":"https:\/\/www.direkt36.hu\/en\/wp-json\/wp\/v2\/posts\/10713\/revisions"}],"predecessor-version":[{"id":10836,"href":"https:\/\/www.direkt36.hu\/en\/wp-json\/wp\/v2\/posts\/10713\/revisions\/10836"}],"wp:featuredmedia":[{"embeddable":true,"href":"https:\/\/www.direkt36.hu\/en\/wp-json\/wp\/v2\/media\/10718"}],"wp:attachment":[{"href":"https:\/\/www.direkt36.hu\/en\/wp-json\/wp\/v2\/media?parent=10713"}],"wp:term":[{"taxonomy":"category","embeddable":true,"href":"https:\/\/www.direkt36.hu\/en\/wp-json\/wp\/v2\/categories?post=10713"},{"taxonomy":"post_tag","embeddable":true,"href":"https:\/\/www.direkt36.hu\/en\/wp-json\/wp\/v2\/tags?post=10713"},{"taxonomy":"author","embeddable":true,"href":"https:\/\/www.direkt36.hu\/en\/wp-json\/wp\/v2\/ppma_author?post=10713"}],"curies":[{"name":"wp","href":"https:\/\/api.w.org\/{rel}","templated":true}]}}