{"id":10789,"date":"2024-02-17T14:13:08","date_gmt":"2024-02-17T13:13:08","guid":{"rendered":"https:\/\/direkt36-prod.exot.hu\/?p=10789"},"modified":"2024-02-18T21:00:18","modified_gmt":"2024-02-18T20:00:18","slug":"hiaba-probaltak-blokkolni-igy-kezeltek-orbanek-a-szinfalak-mogott-a-kegyelmi-botranyt","status":"publish","type":"post","link":"https:\/\/www.direkt36.hu\/en\/hiaba-probaltak-blokkolni-igy-kezeltek-orbanek-a-szinfalak-mogott-a-kegyelmi-botranyt\/","title":{"rendered":"How Viktor Orb\u00e1n tried to extinguish the pedophile pardon scandal that shook his government"},"content":{"rendered":"<p>By 8 February, the whole country was abuzz with the scandal that had broken out six days earlier when it was reported that Hungarian President Katalin Nov\u00e1k pardoned the accomplice of a convicted pedophile, but former justice minister Judit Varga, who countersigned the pardon, seemed completely calm that day.<\/p>\n<p>At the Norwegian embassy in Budapest, she met with ambassadors of European countries for a nearly two-hour-long working lunch, the official topic of which was the upcoming EP elections.<\/p>\n<p>Varga was previously expected to head Fidesz&#8217;s election list and she was talking to diplomats about what she anticipated to see during the campaign. According to one participant, Varga seemed &#8220;cheerful, confident&#8221; and gave no indication that she feared the pardon scandal would break her career.<\/p>\n<p>When the subject was raised at the ambassadors&#8217; meeting, Varga calmly said of her own role that as justice minister she had no choice but to sign the pardon application already accepted by Katalin Nov\u00e1k. &#8220;Who am I to question the pardon decision of the President?&#8221; &#8211; Varga said, according to one of the participants.<\/p>\n<p>Just over 48 hours later, however, Varga also tendered her resignation and announced her complete retirement from public life. The turn of events in her case thus showed the speed with which events moved within the governing Fidesz party and the government as leading politicians were dealing with the pardon issue.<\/p>\n<p>Over the past week, Direkt36 has spoken to several sources with close ties to the government who have insight into what happened behind the scenes. The sources, who have requested anonymity due to the sensitivity of the issue, have told us how the government and Viktor Orb\u00e1n personally handled what was perhaps the biggest domestic scandal of the past fourteen years of Fidesz government.<\/p>\n<p style=\"text-align: center;\"><a href=\"https:\/\/www.direkt36.hu\/en\/tamogass-minket\/\">Help us tell the truth in Hungary. Become a supporter!<\/a><\/p>\n<p>The Prime Minister\u2019s staff did not respond to a detailed list of questions.<\/p>\n<h3>&#8220;They were unprepared&#8221;<\/h3>\n<p>On Friday 2 February at 10:28, 444, an independent news site, published an article reporting that President of the Republic Katalin Nov\u00e1k had pardoned the former deputy director of the Bicske children&#8217;s home in April, who had been convicted for helping to cover up pedophile crimes committed by the director of the institution.<\/p>\n<p>As the news began to spread in the media outside the government, it quickly caught the attention of the office of Prime Minister Viktor Orb\u00e1n, known as Karmelita, where Antal Rog\u00e1n, who runs the government&#8217;s communications and propaganda machine, also works.<\/p>\n<p>Sources close to the government who were familiar with the events said that Orb\u00e1n and his entourage had been caught off guard by the news. &#8220;It took the government completely by surprise, they were unprepared. Neither the president nor Judit Varga had informed Orb\u00e1n and his party about the pardon case when the decision was made [in April last year],&#8221; said one source, who had spoken to several senior government officials in recent weeks.<\/p>\n<p>Another source, who has spoken to several people close to Orban in recent days, had similar information. &#8220;The reaction, the confusion at the beginning proves that there was no knowledge of it at the top level,&#8221; the source explained.<\/p>\n<p>At the beginning, it really did seem that the professional and robust propaganda machine led by Rog\u00e1n did not know what to do with the matter.<\/p>\n<p>A few hours after the article appeared, on Friday afternoon, the president\u2019s office known as S\u00e1ndor Palace, which is located right next to Karmelita in the Buda Castle, issued a statement in which it tried to deflect the matter by saying that the pardoned man, Endre K., had not been convicted of pedophilia. They, however, it did not explain why Nov\u00e1k had made that decision.<\/p>\n<p>Later that evening, the government propaganda machine was set in motion. An article was published on the Magyar Nemzet website, in which, among other things, they tried to play down the case by proving how good a person Endre K. was.<\/p>\n<p>&#8220;The convict had been serving his sentence since 2021, spending a total of one year and five months in a penitentiary. According to our newspaper&#8217;s information, during this time there was nothing to criticise in his behaviour,&#8221; the newspaper, which is part of the propaganda machine, reported.<\/p>\n<h3>&#8220;The story has also reached the rightwing voters&#8221;<\/h3>\n<p>While in public the government tried to pretend that this was an insignificant story, behind the scenes they were aware of its seriousness.<\/p>\n<p>&#8220;It has been on the radar of Karmelita since Friday,&#8221; said a source close to the government, who added that Orb\u00e1n\u2019s staff immediately demanded an explanation from the S\u00e1ndor Palace.<\/p>\n<p>The head of state&#8217;s office said that, as Direkt36 and Telex revealed last week, it was Zolt\u00e1n Balog, a protestant bishop who has long had close ties with the Novak and who had previously served as a minister in the Orb\u00e1n government, who lobbied for the pardon.<\/p>\n<p>Balog has long been a leading figure in Fidesz circles, and his personal relationship with Viktor Orb\u00e1n dates back to the 1990s. In 2007, Balog told the HVG newspaper that he had a &#8220;friendly loyalty&#8221; to Orb\u00e1n.<\/p>\n<p>Even though Novak&#8217;s office invoked such an old confidant, it was not enough for the prime minister and his staff. &#8220;Orb\u00e1n did not accept the excuse that Balog was behind this,&#8221; said a source close to the government, who added the prime minister\u2019s position was that &#8220;Nov\u00e1k is the president of the republic, she decides, it is her responsibility&#8221;.<\/p>\n<p>But in the first days, there was still confidence within the government that they could get away with the scandal without suffering serious consequences. &#8220;They thought in the government communications center that the case would die down and not blow up,&#8221; said a source.<\/p>\n<p>In the middle of next week, however, there was a sharp change in the Karmelita\u2019s attitude.<\/p>\n<p>The government has long devoted huge resources to polling on even the most insignificant issues and they have been making policy decisions on that basis. Polls were also taken on the pardon issue, and when the results came in on Tuesday and Wednesday, it was clear to the prime minister&#8217;s staff that they had miscalculated if they thought they could get through this without serious damage.<\/p>\n<p>&#8220;Two things emerged. One was that the story reached the rightwing voters, and they [the government] tried in vain to block it. The other was that there was a very serious uproar within their own camp about this pardon,\u201d said a source familiar with the details of the polling results.<\/p>\n<p>The pardon case has also been particularly sensitive for Fidesz because the issue of child protection has been at the center of their policy for some time. They had previously passed a law called the Child Protection Act, which conflated pedophilia with homosexuality. The government even held a referendum on the subject.<\/p>\n<p>After the polls, it was clear to the prime minister&#8217;s staff that they had to act, and Orb\u00e1n himself was directly involved in the response.<\/p>\n<p>On Thursday afternoon, 8 February, the prime minister posted a Facebook video announcing that he had initiated a constitutional amendment to make it impossible to pardon perpetrators of crimes against underage children.<\/p>\n<p>According to a source close to the government, the announcement, which was humiliating for Nov\u00e1k because it further limited the president\u2019s already weak powers, was intended to push the increasingly damaging issue away from Orban. According to the source, the prime minister &#8211; who was angered by the president\u2019s apparently careless act &#8211; sent a message with the video that he personally would not get involved in the scandal and &#8220;would not save Nov\u00e1k.&#8221;<\/p>\n<p>It was then clear for the top officials in the government that they would have to take some drastic action to close the case. According to a source close to the government, Orb\u00e1n is a &#8220;cold-blooded professional in such crisis situations and acts immediately&#8221;, so it was already suggested on Thursday that Nov\u00e1k and possibly Varga should go.<\/p>\n<p>The final decision was taken at an informal meeting of the Fidesz leadership on Friday, where the prime minister discussed the matter with his inner circle. &#8220;That sealed the deal, that&#8217;s where the resignations were decided,&#8221; said a source with insight into the matter, who said the meeting participants agreed that not only Nov\u00e1k, but Varga should also bear responsibility for the scandal.<\/p>\n<p>Although Varga, as justice minister, did not initially support the pardon, she signed it after Nov\u00e1k insisted. &#8220;Varga had to go because the thinking was that they should finish the job\u201d &#8211; said another source on how Orb\u00e1n and his team thought the scandal should be put out.<\/p>\n<p>They wanted to avoid a situation in which attention would be refocused on Varga as the person who countersigned pardon decision. &#8220;Orb\u00e1n wanted a permanent solution&#8221;, said a source close to the government, who added the aim was to &#8220;permanently insulate the government from this case&#8221;.<\/p>\n<p>Nov\u00e1k and Varga announced their resignations on Saturday, the day after Friday&#8217;s Fidesz leaders&#8217; meeting.<\/p>\n<h3>&#8220;Not stuttering in English&#8221;<\/h3>\n<p>Orb\u00e1n decided to cut loose the two politicians so quickly even though by doing that he lost two key members of his team.<\/p>\n<p>He counted on both the support of both Nov\u00e1k and Varga for his increasingly ambitious foreign policy plans. According to sources close to the government, Orb\u00e1n chose them for these positions &#8211; Nov\u00e1k as head of state and Varga to lead Fidesz in Brussels after the EP elections &#8211; precisely because he wanted them to play a major role in building his international alliances.<\/p>\n<p>&#8220;Here were two women who look good, speak languages, argue well,&#8221; explained a source who had previously worked alongside Nov\u00e1k. The source emphasised that Nov\u00e1k speaks French and English fluently. &#8220;There were no such people in Fidesz before. The fact that someone from us speaks French in Brussels and not stutter in English is a serious matter,&#8221; the source added.<\/p>\n<p>For Orb\u00e1n, the process of deliberately building his foreign policy team to be, in the words of a source close to the government, &#8220;polyphonic&#8221; has now suffered a setback.<\/p>\n<p>While he concentrates on such symbolic events such as meeting Donald Trump or speaking at the US Conservative Conference, he assigns technical matters to other people.<\/p>\n<p>This is what he did with Varga, for example, when she was justice minister and was entrusted with some of the contentious negotiations with the EU institutions. As President of the Republic, Nov\u00e1k also went abroad a lot to negotiate, and although she represented the same interests as Orb\u00e1n, she did so in a different style.<\/p>\n<p>&#8220;Nov\u00e1k was stepping next to Orb\u00e1n, but she does not threaten the prime minister because he still makes the decisions,&#8221; the source explained.<\/p>\n<p>Another source close to the government said there was therefore now &#8220;a huge sense of grief&#8221; and many people did not understand how Nov\u00e1k could have made such a mistake. &#8220;They don&#8217;t understand why she was not alert. She knew what she was signing, she knew the concerns of Varga and the lawyers dealing with the pardon cases,&#8221; the source said.<\/p>\n<p>While there is mostly just incomprehension about Novak, Balog, who played an important role in the pardon application, is judged by many people inside Fidesz more harshly. &#8220;They are now very angry with Balog,&#8221; said one source, adding that there is &#8220;elementary anger against the bishop&#8221;.<\/p>","protected":false},"excerpt":{"rendered":"<p>The government initially hoped that they could get away with it, but when they saw the internal polls, they knew they had to act. Prime Minister Viktor Orb\u00e1n personally directed the reponse that led to the forced resignation of Hungary&#8217;s president and a former minister. Direkt36 has uncovered new details about the what happened behind the scenes in the government during the pardon scandal.<\/p>\n","protected":false},"author":25,"featured_media":10800,"comment_status":"closed","ping_status":"closed","sticky":false,"template":"single-telex.php","format":"standard","meta":{"footnotes":""},"categories":[609],"tags":[606,607,492,259],"ppma_author":[547,522,549],"aioseo_notices":[],"fimg_url":["https:\/\/www.direkt36.hu\/wp-content\/uploads\/2024\/02\/kegyelmi_jo-copy.jpeg",1200,800,false],"authors":[{"term_id":547,"user_id":25,"is_guest":0,"slug":"pufi","display_name":"Andr\u00e1s Szab\u00f3","avatar_url":{"url":"https:\/\/www.direkt36.hu\/wp-content\/uploads\/2023\/10\/Szabo-Andras.png","url2x":"https:\/\/www.direkt36.hu\/wp-content\/uploads\/2023\/10\/Szabo-Andras.png"},"author_category":"","user_url":"","last_name":"Szab\u00f3","first_name":"Andr\u00e1s","job_title":"","description":"[:hu]Andr\u00e1s nyolc \u00e9vig dolgozott \u00fajs\u00e1g\u00edr\u00f3k\u00e9nt az Orig\u00f3n\u00e1l, \u00e9s t\u00f6bb \u00e9vet elt\u00f6lt\u00f6tt az Indexn\u00e9l \u00e9s a vs.hu-n\u00e1l is. A Direkt36-n\u00e1l az orosz-magyar kapcsolatokkal, a Fidesz-k\u00f6zeli \u00fczleti k\u00f6r\u00f6k tev\u00e9kenys\u00e9g\u00e9vel, \u00e9s az Orb\u00e1n-korm\u00e1ny d\u00f6nt\u00e9shozatal\u00e1nak folyamataival foglalkozik. 2011-ben G\u0151b\u00f6ly\u00f6s Soma-d\u00edjat, 2010-ben pedig Min\u0151s\u00e9gi \u00fajs\u00e1g\u00edr\u00e1s\u00e9rt d\u00edjat nyert, mindkett\u0151t az\u00e9rt a cikksorozat\u00e1\u00e9rt, amely a Gyurcs\u00e1ny-korm\u00e1ny egyik korrupci\u00f3gyan\u00fas ingatlanelad\u00e1s\u00e1t mutatta be.[:en]Andr\u00e1s worked eight years as a journalist at Origo, a then prestigious online news site, but also spent several years at Index and vs.hu news outlets. At Direkt36 he covers Russian-Hungarian relations, activities of business circles close to Fidesz, and political decision making processes of the Orb\u00e1n government. In 2011 he received the G\u0151b\u00f6ly\u00f6s Soma Award dedicated to investigative journalism in Hungary, and in 2010 he won the Quality Journalism Award, both for a series of articles that focused on a corruption case connected to the former Socialist-led government.[:]"},{"term_id":522,"user_id":19,"is_guest":0,"slug":"andraspetho","display_name":"Andr\u00e1s Peth\u0151","avatar_url":{"url":"https:\/\/www.direkt36.hu\/wp-content\/uploads\/2023\/10\/Petho-Andras.png","url2x":"https:\/\/www.direkt36.hu\/wp-content\/uploads\/2023\/10\/Petho-Andras.png"},"author_category":"","user_url":"","last_name":"Peth\u0151","first_name":"Andr\u00e1s","job_title":"","description":"[:hu]Andr\u00e1s a Direkt36 egyik alap\u00edt\u00f3ja, szerkeszt\u0151je \u00e9s \u00fcgyvezet\u0151 igazgat\u00f3ja. Kor\u00e1bban az Origo vezet\u0151 szerkeszt\u0151je volt, miel\u0151tt a port\u00e1l r\u00e9sze lett a korm\u00e1ny propagandag\u00e9pezet\u00e9nek. Andr\u00e1s dolgozott a BBC World Service-n\u00e9l Londonban \u00e9s a Washington Post t\u00e9nyfelt\u00e1r\u00f3 rovat\u00e1n\u00e1l is. R\u00e9szt vett sz\u00e1mos nagy nemzetk\u00f6zi nyomoz\u00f3 projektben, k\u00f6zt\u00fck a Panama-iratok feldolgoz\u00e1s\u00e1ban. K\u00e9tszer is elnyerte a legjobbnak \u00edt\u00e9lt t\u00e9nyfelt\u00e1r\u00f3 cikkek szerz\u0151inek j\u00e1r\u00f3 Soma-d\u00edjat. T\u00f6bbsz\u00f6r tanult \u00f6szt\u00f6nd\u00edjjal az Egyes\u00fclt \u00c1llamokban: 2008-ban a World Press Institute programj\u00e1ban, 2012-13-ban Humphrey-\u00f6szt\u00f6nd\u00edjask\u00e9nt a Marylandi Egyetemen, 2019-20-ban pedig Nieman-\u00f6szt\u00f6nd\u00edjask\u00e9nt a Harvard Egyetemen. Andr\u00e1s t\u00f6bb magyar egyetemen is tan\u00edtott \u00fajs\u00e1g\u00edr\u00f3 kurzusokat.[:en]Andr\u00e1s is a co-founder, editor and executive director of Direkt36. Previously, he was a senior editor for leading Hungarian news site Origo before it had been transformed into the government\u2019s propaganda outlet. He also worked for the BBC World Service in London and was a reporter at the investigative unit of The Washington Post. He has contributed to several international reporting projects, including The Panama Papers. He twice won the Soma Prize, the prestigious annual award dedicated to investigative journalism in Hungary. He was a World Press Institute fellow in 2008, a Humphrey fellow at the University of Maryland in 2012\/13, and a Nieman fellow at Harvard University in 2019\/20. Andr\u00e1s has taught journalism courses at Hungarian universities.[:]"},{"term_id":549,"user_id":23,"is_guest":0,"slug":"szabolcs","display_name":"Szabolcs Panyi","avatar_url":{"url":"https:\/\/www.direkt36.hu\/wp-content\/uploads\/2023\/10\/Panyi-Szabolcs.png","url2x":"https:\/\/www.direkt36.hu\/wp-content\/uploads\/2023\/10\/Panyi-Szabolcs.png"},"author_category":"","user_url":"","last_name":"Panyi","first_name":"Szabolcs","job_title":"","description":"[:hu]Az ELTE magyar nyelv \u00e9s irodalom szak\u00e1n diplom\u00e1zott. 2013 \u00e9s 2018 k\u00f6z\u00f6tt az Index.hu politika rovat\u00e1nak volt szerkeszt\u0151je \u00e9s \u00fajs\u00e1g\u00edr\u00f3ja. 2017-18-ban Fulbright-\u00f6szt\u00f6nd\u00edjjal az Arizona State University-n tanult oknyomoz\u00f3 \u00fajs\u00e1g\u00edr\u00e1st. 2018 \u0151sz\u00e9n csatlakozott a Direkt36-hoz, ahol f\u0151k\u00e9nt nemzetbiztons\u00e1gi \u00e9s k\u00fclpolitikai vonatkoz\u00e1s\u00fa t\u00f6rt\u00e9neteken dolgozik. Mellette a vars\u00f3i k\u00f6zpont\u00fa VSquare.org visegr\u00e1di r\u00e9gi\u00f3s t\u00e9nyfelt\u00e1r\u00f3 \u00fajs\u00e1g\u00edr\u00f3i platform egyik alap\u00edt\u00f3ja, 2023-t\u00f3l a k\u00f6z\u00e9p-eur\u00f3pai oknyomoz\u00e1sok vezet\u0151je. N\u00e9gyszer nyert Min\u0151s\u00e9gi \u00fajs\u00e1g\u00edr\u00e1s\u00e9rt d\u00edjat \u00e9s szint\u00e9n n\u00e9gyszer Transparency-Soma-d\u00edjat, 2018-ban \u00e9s 2021-ben pedig az Eur\u00f3pai Sajt\u00f3 D\u00edj d\u00f6nt\u0151se volt.[:en]Szabolcs graduated from E\u00f6tv\u00f6s Lor\u00e1nd University where he studied Hungarian language and literature. Between 2013 and 2018, he was an editor and political reporter at Index.hu. At Arizona State University, he studied investigative journalism on a Fulbright Fellowship in 2017-2018. In the fall of 2018, he joined Direkt36, where he mainly works on stories related to national security and foreign policy. Meanwhile, he helped launch VSquare.org, a Warsaw-based cross-border investigative journalism initiative for the Visegr\u00e1d region, where he is currently leading the Central Eastern European investigations. He received the Quality Journalism Award and the Transparency-Soma Award four times each, and he was also shortlisted for the European Press Prize in 2018 and 2021.[:]"}],"tag_names":[{"name":"Zolt\u00e1n Balog","slug":"balog-zoltan"},{"name":"pardon scandal","slug":"kegyelmi-ugy"},{"name":"Katalin Nov\u00e1k","slug":"novak-katalin"},{"name":"Viktor Orb\u00e1n","slug":"orban-viktor"}],"category_names":[{"name":"Pardon scandal","slug":"kegyelmi-ugy"}],"_links":{"self":[{"href":"https:\/\/www.direkt36.hu\/en\/wp-json\/wp\/v2\/posts\/10789"}],"collection":[{"href":"https:\/\/www.direkt36.hu\/en\/wp-json\/wp\/v2\/posts"}],"about":[{"href":"https:\/\/www.direkt36.hu\/en\/wp-json\/wp\/v2\/types\/post"}],"author":[{"embeddable":true,"href":"https:\/\/www.direkt36.hu\/en\/wp-json\/wp\/v2\/users\/25"}],"replies":[{"embeddable":true,"href":"https:\/\/www.direkt36.hu\/en\/wp-json\/wp\/v2\/comments?post=10789"}],"version-history":[{"count":5,"href":"https:\/\/www.direkt36.hu\/en\/wp-json\/wp\/v2\/posts\/10789\/revisions"}],"predecessor-version":[{"id":10797,"href":"https:\/\/www.direkt36.hu\/en\/wp-json\/wp\/v2\/posts\/10789\/revisions\/10797"}],"wp:featuredmedia":[{"embeddable":true,"href":"https:\/\/www.direkt36.hu\/en\/wp-json\/wp\/v2\/media\/10800"}],"wp:attachment":[{"href":"https:\/\/www.direkt36.hu\/en\/wp-json\/wp\/v2\/media?parent=10789"}],"wp:term":[{"taxonomy":"category","embeddable":true,"href":"https:\/\/www.direkt36.hu\/en\/wp-json\/wp\/v2\/categories?post=10789"},{"taxonomy":"post_tag","embeddable":true,"href":"https:\/\/www.direkt36.hu\/en\/wp-json\/wp\/v2\/tags?post=10789"},{"taxonomy":"author","embeddable":true,"href":"https:\/\/www.direkt36.hu\/en\/wp-json\/wp\/v2\/ppma_author?post=10789"}],"curies":[{"name":"wp","href":"https:\/\/api.w.org\/{rel}","templated":true}]}}