{"id":10911,"date":"2024-04-03T12:56:28","date_gmt":"2024-04-03T10:56:28","guid":{"rendered":"https:\/\/www.direkt36.hu\/?p=10911"},"modified":"2024-04-22T15:46:15","modified_gmt":"2024-04-22T13:46:15","slug":"mit-kezd-a-sajto-a-magyar-peter-jelenseggel","status":"publish","type":"post","link":"https:\/\/www.direkt36.hu\/en\/mit-kezd-a-sajto-a-magyar-peter-jelenseggel\/","title":{"rendered":"(Magyar) Mit kezd a sajt\u00f3 a Magyar P\u00e9ter-jelens\u00e9ggel?"},"content":{"rendered":"<p class=\"qtranxs-available-languages-message qtranxs-available-languages-message-en\">Sorry, this entry is only available in <a href=\"https:\/\/www.direkt36.hu\/hu\/wp-json\/wp\/v2\/posts\/10911\" class=\"qtranxs-available-language-link qtranxs-available-language-link-hu\" title=\"Magyar\">Hungarian<\/a>.<\/p><p>Febru\u00e1r \u00f3ta t\u00f6bb komplex \u00e9s nagyon fontos esem\u00e9ny fon\u00f3dott egym\u00e1sba: a kegyelmi \u00fcgy, Magyar P\u00e9ter felemelked\u00e9se, a Schadl-\u00fcggyel kapcsolatos hangfelv\u00e9tel, illetve Magyar P\u00e9ter \u00e9s Varga Judit h\u00e1zass\u00e1ga \u00e9s v\u00e1l\u00e1sa.<\/p>\n<p>Hogyan lehet n\u00e9gy ekkora t\u00f6rt\u00e9netet \u00fagy k\u00f6vetni \u00e9s feldolgozni, hogy k\u00f6zben ne vesszen el a l\u00e9nyeg a sok zajban?<\/p>\n<p>Mennyire j\u00f3l vagy rosszul l\u00e1tta el a sajt\u00f3 a feladat\u00e1t a n\u00e9gy \u00fcggyel kapcsolatban?<\/p>\n<p>K\u00f6z\u00fcgynek sz\u00e1m\u00edt-e k\u00e9t k\u00f6zszerepl\u0151 veszeked\u00e9se?<\/p>\n<p>Ezekr\u0151l besz\u00e9lgetett Marton Kamilla, a Direkt36 \u00fajs\u00e1g\u00edr\u00f3ja Plank\u00f3 Gerg\u0151vel, a 444 f\u0151szerkeszt\u0151-helyettes\u00e9vel \u00e9s vide\u00f3s tartalomgy\u00e1rt\u00f3j\u00e1val \u00e9s Peth\u0151 Andr\u00e1ssal, a Direkt36 t\u00e1rsalap\u00edt\u00f3 szerkeszt\u0151j\u00e9vel.<\/p>\n<div class=\"epyt-video-wrapper\">\n<div  id=\"_ytid_66739\"  width=\"800\" height=\"450\"  data-origwidth=\"800\" data-origheight=\"450\"  data-relstop=\"1\" data-facadesrc=\"https:\/\/www.youtube.com\/embed\/YCctRxewfoU?enablejsapi=1&#038;autoplay=0&#038;cc_load_policy=0&#038;cc_lang_pref=&#038;iv_load_policy=1&#038;loop=0&#038;rel=0&#038;fs=1&#038;playsinline=0&#038;autohide=2&#038;theme=dark&#038;color=red&#038;controls=1&#038;\" class=\"__youtube_prefs__ epyt-facade epyt-is-override  no-lazyload\" data-epautoplay=\"1\" ><img decoding=\"async\" data-spai-excluded=\"true\" class=\"epyt-facade-poster skip-lazy\" loading=\"lazy\"  alt=\"YouTube player\"  src=\"https:\/\/i.ytimg.com\/vi\/YCctRxewfoU\/maxresdefault.jpg\"  \/><button class=\"epyt-facade-play\" aria-label=\"Play\"><svg data-no-lazy=\"1\" height=\"100%\" version=\"1.1\" viewBox=\"0 0 68 48\" width=\"100%\"><path class=\"ytp-large-play-button-bg\" d=\"M66.52,7.74c-0.78-2.93-2.49-5.41-5.42-6.19C55.79,.13,34,0,34,0S12.21,.13,6.9,1.55 C3.97,2.33,2.27,4.81,1.48,7.74C0.06,13.05,0,24,0,24s0.06,10.95,1.48,16.26c0.78,2.93,2.49,5.41,5.42,6.19 C12.21,47.87,34,48,34,48s21.79-0.13,27.1-1.55c2.93-0.78,4.64-3.26,5.42-6.19C67.94,34.95,68,24,68,24S67.94,13.05,66.52,7.74z\" fill=\"#f00\"><\/path><path d=\"M 45,24 27,14 27,34\" fill=\"#fff\"><\/path><\/svg><\/button><\/div>\n<\/div>\n<p>Az ad\u00e1s el\u00e9rhet\u0151 <a href=\"https:\/\/open.spotify.com\/episode\/1VUgHvpmWILy9JQZxIo2jv\">Spotify-on<\/a>, <a href=\"https:\/\/soundcloud.com\/user-352142716\/direkt36-podcast-82-mit-kezd-a-sajto-a-magyar-peter-jelenseggel?fbclid=IwAR2z3d-IBd-JcHI6um1vHQdZL4zBzbYPOu4u69PZwIbGlmTsgzonDpuRoXo_aem_AZwoOZE5mhx93vtfpFqZcVmFsbHOYkWfyz0ZMmToYBAVjTUwggB23KSpIx_ScK0YCAaqfxSKEILqQDHq9B2qONEB\">SoundCloudon<\/a> \u00e9s <a href=\"https:\/\/podcasts.apple.com\/hu\/podcast\/direkt36-podcast-82-mit-kezd-a-sajt%C3%B3-a-magyar\/id1450597967?i=1000651280619\">Apple Podcasten<\/a> is.<\/p>\n<blockquote><p>\u201eA kegyelmi \u00fcgy kirobban\u00e1sa idej\u00e9n besz\u00e9lgettem korm\u00e1nyk\u00f6zeli forr\u00e1ssal, aki szerint a korm\u00e1nyzati oldalon Magyar P\u00e9ter megjelen\u00e9s\u00e9nek \u00f6r\u00fcltek\u201d<\/p><\/blockquote>\n<p>\u2013 mondta Peth\u0151, aki szerint a forr\u00e1s ezt azzal magyar\u00e1zta, hogy Magyar a korrupci\u00f3t \u00e9s az oligarch\u00e1k t\u00f6rt\u00e9net\u00e9t hozta el\u0151, ami elterelte a nyilv\u00e1noss\u00e1g figyelm\u00e9t a kegyelmi \u00fcgyr\u0151l. \u201eAkkor kezdtek el r\u00e1sz\u00e1llni Magyarra, amikor kider\u00fclt, hogy megpr\u00f3b\u00e1l politikai karriert is \u00e9p\u00edteni.\u201d<\/p>\n<p>Plank\u00f3 szerint ez egy lehets\u00e9ges \u00e9rtelmez\u00e9se a jelens\u00e9gnek, de mire szerinte Magyar sz\u00ednre l\u00e9pett m\u00e1r t\u00fal voltunk a k\u00f6zt\u00e1rsas\u00e1gi eln\u00f6k \u00e9s az igazs\u00e1g\u00fcgyi miniszter lemond\u00e1s\u00e1n, \u00e9s a korm\u00e1nyzati kommunik\u00e1ci\u00f3 is kezdte \u00f6sszeszedni mag\u00e1t.<\/p>\n<blockquote><p>\u201eB\u00e1r \u00fagy t\u0171nhet, hogy a Magyar P\u00e9ter-jelens\u00e9g kiszor\u00edtotta a kegyelmi \u00fcgyet [a k\u00f6zbesz\u00e9db\u0151l], de val\u00f3j\u00e1ban nem mag\u00e1t az \u00fcgyet szor\u00edtotta ki, hanem az arra \u00e9rkez\u0151 korm\u00e1nyzati reakci\u00f3t.\u201d<\/p><\/blockquote>\n<p>Az ad\u00e1sban arr\u00f3l is volt sz\u00f3, hogyan l\u00e1tja egy t\u00e9nyfelt\u00e1r\u00f3 k\u00f6zpont vezet\u0151je \u00e9s egy napi h\u00edrekkel is foglalkoz\u00f3 lap szerkeszt\u0151je a sajt\u00f3 szerep\u00e9t \u00e9s felel\u0151ss\u00e9g\u00e9t komplex \u00fcgyek feldolgoz\u00e1sakor.<\/p>\n<p>Abban a besz\u00e9lget\u00e9s minden r\u00e9sztvev\u0151je egyet\u00e9rtett, hogy rengeteg megv\u00e1laszolatlan k\u00e9rd\u00e9s maradt az elm\u00falt h\u00f3napok esem\u00e9nyeivel kapcsolatban, p\u00e9ld\u00e1ul, hogy mi volt a val\u00f3di oka annak, hogy Nov\u00e1k Katalin kegyelmet adott K. Endr\u00e9nek.<\/p>\n<p>\u201eAmiben szerintem a magyar sajt\u00f3 kev\u00e9sb\u00e9 j\u00f3, hogy az ilyen nagy \u00fcgyekhez visszat\u00e9rjen, \u00e9s ezeket ne hagyja b\u00e9k\u00e9n\u201d \u2013 fejtette ki Peth\u0151, aki szerint sz\u00fcks\u00e9g van r\u00e1, hogy a nyitva maradt k\u00e9rd\u00e9sek, m\u00e9g ha h\u00f3napokkal vagy ak\u00e1r egy \u00e9vvel k\u00e9s\u0151bb is, de tiszt\u00e1z\u00f3djanak.<\/p>\n<p>Plank\u00f3 felid\u00e9zte, hogy amikor a Direkt36 m\u00e1sf\u00e9l \u00e9vvel az Index sz\u00e9tes\u00e9se ut\u00e1n rekonstru\u00e1lta a t\u00f6rt\u00e9nteket, az ennyi id\u0151 t\u00e1vlat\u00e1b\u00f3l is \u00e9rt\u00e9kes volt. Szerinte a napi h\u00edrekkel foglalkoz\u00f3 sajt\u00f3ra a t\u00e9nyfelt\u00e1r\u00f3 cikkek \u00edr\u00e1sakor is sz\u00fcks\u00e9g van, mert az \u00fajs\u00e1g\u00edr\u00f3k vissza tudnak ny\u00falni ezekhez a r\u00f6vid h\u00edrekhez, melyek fontosak egy-egy t\u00f6rt\u00e9net m\u00e9lyebb feldolgoz\u00e1s\u00e1hoz.<\/p>\n<p><em>Bor\u00edt\u00f3k\u00e9p: Magyar P\u00e9ter \/ Facebook<\/em><\/p>","protected":false},"excerpt":{"rendered":"<p class=\"qtranxs-available-languages-message qtranxs-available-languages-message-en\">Sorry, this entry is only available in <a href=\"https:\/\/www.direkt36.hu\/hu\/wp-json\/wp\/v2\/posts\/10911\" class=\"qtranxs-available-language-link qtranxs-available-language-link-hu\" title=\"Magyar\">Hungarian<\/a>.<\/p>\n<p>Mennyire gondolkodik m\u00e1sk\u00e9pp egy t\u00e9nyfelt\u00e1r\u00f3 k\u00f6zpont \u00e9s egy napi h\u00edrekkel is foglalkoz\u00f3 lap szerkeszt\u0151je a sajt\u00f3 szerep\u00e9r\u0151l \u00e9s felel\u0151ss\u00e9g\u00e9r\u0151l egy olyan id\u0151szakban, amikor fajs\u00falyos esem\u00e9nyek sorozata r\u00e1zza meg a k\u00f6z\u00e9letet? Leg\u00fajabb podcast\u00fcnkben Plank\u00f3 Gerg\u0151vel, a 444 f\u0151szerkeszt\u0151-helyettes\u00e9vel \u00e9s vide\u00f3s tartalomgy\u00e1rt\u00f3j\u00e1val \u00e9s Peth\u0151 Andr\u00e1ssal, a Direkt36 t\u00e1rsalap\u00edt\u00f3 szerkeszt\u0151j\u00e9vel besz\u00e9lgetett Marton Kamilla, a Direkt36 \u00fajs\u00e1g\u00edr\u00f3ja.<\/p>\n","protected":false},"author":32,"featured_media":10914,"comment_status":"closed","ping_status":"closed","sticky":false,"template":"","format":"standard","meta":{"footnotes":""},"categories":[23],"tags":[607,631,279,632],"ppma_author":[539],"aioseo_notices":[],"fimg_url":["https:\/\/www.direkt36.hu\/wp-content\/uploads\/2024\/04\/434030120_7879382915429421_8758212455208773642_n.jpg",1440,960,false],"authors":[{"term_id":539,"user_id":32,"is_guest":0,"slug":"kamilla","display_name":"Kamilla Marton","avatar_url":{"url":"https:\/\/www.direkt36.hu\/wp-content\/uploads\/2023\/10\/Marton-Kamilla.png","url2x":"https:\/\/www.direkt36.hu\/wp-content\/uploads\/2023\/10\/Marton-Kamilla.png"},"author_category":"","user_url":"","last_name":"Marton","first_name":"Kamilla","job_title":"","description":"[:hu]Kamilla a Budapesti Metropolitan Egyetemen diplom\u00e1zott kommunik\u00e1ci\u00f3- \u00e9s m\u00e9diatudom\u00e1ny szakon, majd szakm\u00e1j\u00e1t a Direkt36-n\u00e1l kezdte junior \u00fajs\u00e1g\u00edr\u00f3k\u00e9nt. F\u0151k\u00e9nt az underground szubkult\u00far\u00e1k \u00e9s a t\u00e1rsadalmi egyenl\u0151tlens\u00e9gek kultur\u00e1lis h\u00e1ttere \u00e9rdeklik. 2023-ban a k\u00f3rh\u00e1zi fert\u0151z\u00e9sek eltitkolt helyzet\u00e9t felt\u00e1r\u00f3 cikksorozat\u00e1\u00e9rt Wirth Zsuzsann\u00e1val k\u00f6z\u00f6sen elnyerte a Transparency-Soma d\u00edjat. Szereti az extr\u00e9m sportokat.[:en]Kamilla graduated from the Budapest Metropolitan University in Communication and Media Science. She started her career at Direkt36 as a junior journalist. She is mainly interested in the cultural background of underground subcultures and social inequalities. In 2023, she won the Transparency-Soma award together with Zsuzsanna Wirth for her series of articles exposing the hidden situation of hospital-acquired infections. She loves extreme sports.[:]"}],"tag_names":[{"name":"pardon scandal","slug":"kegyelmi-ugy"},{"name":"Magyar P\u00e9ter","slug":"magyar-peter"},{"name":"Podcast","slug":"podcast"},{"name":"Varga Judit","slug":"varga-judit"}],"category_names":[{"name":"Podcast","slug":"podcast"}],"_links":{"self":[{"href":"https:\/\/www.direkt36.hu\/en\/wp-json\/wp\/v2\/posts\/10911"}],"collection":[{"href":"https:\/\/www.direkt36.hu\/en\/wp-json\/wp\/v2\/posts"}],"about":[{"href":"https:\/\/www.direkt36.hu\/en\/wp-json\/wp\/v2\/types\/post"}],"author":[{"embeddable":true,"href":"https:\/\/www.direkt36.hu\/en\/wp-json\/wp\/v2\/users\/32"}],"replies":[{"embeddable":true,"href":"https:\/\/www.direkt36.hu\/en\/wp-json\/wp\/v2\/comments?post=10911"}],"version-history":[{"count":0,"href":"https:\/\/www.direkt36.hu\/en\/wp-json\/wp\/v2\/posts\/10911\/revisions"}],"wp:featuredmedia":[{"embeddable":true,"href":"https:\/\/www.direkt36.hu\/en\/wp-json\/wp\/v2\/media\/10914"}],"wp:attachment":[{"href":"https:\/\/www.direkt36.hu\/en\/wp-json\/wp\/v2\/media?parent=10911"}],"wp:term":[{"taxonomy":"category","embeddable":true,"href":"https:\/\/www.direkt36.hu\/en\/wp-json\/wp\/v2\/categories?post=10911"},{"taxonomy":"post_tag","embeddable":true,"href":"https:\/\/www.direkt36.hu\/en\/wp-json\/wp\/v2\/tags?post=10911"},{"taxonomy":"author","embeddable":true,"href":"https:\/\/www.direkt36.hu\/en\/wp-json\/wp\/v2\/ppma_author?post=10911"}],"curies":[{"name":"wp","href":"https:\/\/api.w.org\/{rel}","templated":true}]}}