{"id":11263,"date":"2024-05-30T11:32:55","date_gmt":"2024-05-30T09:32:55","guid":{"rendered":"https:\/\/www.direkt36.hu\/?p=11263"},"modified":"2024-05-30T11:32:55","modified_gmt":"2024-05-30T09:32:55","slug":"direkt36-podcast-miert-ragaszkodik-az-oroszokhoz-orban-viktor-a-magyar-atomenergiaban","status":"publish","type":"post","link":"https:\/\/www.direkt36.hu\/en\/direkt36-podcast-miert-ragaszkodik-az-oroszokhoz-orban-viktor-a-magyar-atomenergiaban\/","title":{"rendered":"(Magyar) Direkt36 podcast: Mi\u00e9rt ragaszkodik az oroszokhoz Orb\u00e1n Viktor a magyar atomenergi\u00e1ban?"},"content":{"rendered":"<p class=\"qtranxs-available-languages-message qtranxs-available-languages-message-en\">Sorry, this entry is only available in <a href=\"https:\/\/www.direkt36.hu\/hu\/wp-json\/wp\/v2\/posts\/11263\" class=\"qtranxs-available-language-link qtranxs-available-language-link-hu\" title=\"Magyar\">Hungarian<\/a>.<\/p><p>A m\u0171sor els\u0151 fel\u00e9ben Szab\u00f3 Andr\u00e1s \u00e9s Peth\u0151 Andr\u00e1s cikk\u00e9nek r\u00e9szleteir\u0151l volt sz\u00f3, amelyben bemutatott egy titkos korm\u00e1nyzati tervet egy harmadik paksi beruh\u00e1z\u00e1sr\u00f3l, ami v\u00e9gs\u0151 soron az oroszok kiszorul\u00e1s\u00e1t is okozhatta volna Paks II.-b\u0151l. A meg\u00e1llapod\u00e1st a piacvezet\u0151, francia Framatome nev\u0171 c\u00e9ggel tervezt\u00e9k korm\u00e1nyzati k\u00f6r\u00f6k, ez a c\u00e9g eddig is besz\u00e1ll\u00edt\u00f3ja volt a m\u00e1sodik paksi beruh\u00e1z\u00e1snak.<\/p>\n<p>\u201eA terv nem jutott \u00e9rett f\u00e1zisba, korm\u00e1ny\u00fcl\u00e9sre sem vitt\u00e9k be, inform\u00e1lis egyeztet\u00e9sek zajlottak r\u00f3la\u201d \u2013 mondta Szab\u00f3 Andr\u00e1s. Lantos Csaba energia\u00fcgyi miniszterig eljutott a terv, a miniszter t\u00e1mogatta volna, de v\u00e9g\u00fcl Orb\u00e1n Viktorn\u00e1l elakadt a dolog. \u201eOrb\u00e1n \u00fagy d\u00f6nt\u00f6tt, hogy Paks II.-re kell f\u00f3kusz\u00e1lni, mert m\u00e1r t\u00edz \u00e9v\u00fck, rengeteg p\u00e9nz\u00fck benne van\u201d \u2013 mondta Szab\u00f3, majd k\u00e9s\u0151bb hozz\u00e1tette, hogy a 10 milli\u00e1rd eur\u00f3s orosz hitel lehet\u0151s\u00e9ge nagyban k\u00f6zrej\u00e1tszott abban, hogy 2014-ben az orosz beruh\u00e1z\u00f3 mellett d\u00f6nt\u00f6tt a korm\u00e1nyzat.<\/p>\n<p>Paks II. sz\u00f6vev\u00e9nyes t\u00f6rt\u00e9net\u00e9ben nem k\u00f6nny\u0171 \u00e9rtelmezni, hogy mi mi\u00e9rt t\u00f6rt\u00e9nik, de Szab\u00f3 Andr\u00e1s \u00e9vek \u00f3ta foglalkozik a beruh\u00e1z\u00e1ssal, ez\u00e9rt a m\u0171sor elej\u00e9n azt is \u00f6sszefoglalta, hogy eddig melyek voltak a legfontosabb m\u00e9rf\u00f6ldk\u00f6vek a projektben. Sz\u00f3ba ker\u00fclt az eredeti, titkos\u00edtott szerz\u0151d\u00e9s az oroszokkal 2014-b\u0151l, az Eur\u00f3pai Bizotts\u00e1g kezdeti agg\u00e1lyai, Klaus Mangold n\u00e9met \u00fczletember <a href=\"https:\/\/www.direkt36.hu\/mr-oroszorszag-a-paksi-bovites-utan-most-orban-nemet-kapcsolatait-egyengeti-par-szazmillioert\/\">sikeres lobbitev\u00e9kenys\u00e9ge,<\/a> az oroszoknak adott <a href=\"https:\/\/www.direkt36.hu\/addig-nyomultak-az-oroszok-hogy-nekik-kedvezoen-utemeztek-at-paks-2-t\/\">engedm\u00e9nyek<\/a> \u00e9s a projektek k\u00f6r\u00fcli <a href=\"https:\/\/www.direkt36.hu\/kritikus-pillanatban-valtottak-le-a-paksi-atomeromu-szakmailag-elismert-vezetojet-hogy-helyet-csinaljanak-egy-osfideszesnek\/\">szem\u00e9lyi v\u00e1ltoz\u00e1sok<\/a> is.<\/p>\n<p>\u201eAzt mindig biztat\u00f3 l\u00e1tni, ha a korm\u00e1nyzati d\u00f6nt\u00e9shozatal nem is legmagasabb szintjein, de miniszteri szinteken megfogalmaz\u00f3dnak alternat\u00edv\u00e1k a magyar k\u00fclpolitikai, energetikai vagy egy\u00e9b strat\u00e9gi\u00e1kban\u201d \u2013 mondta Feledy Botond, aki a m\u0171sor m\u00e1sodik r\u00e9sz\u00e9ben Skype-on csatlakozott a Direkt36 \u00fajs\u00e1g\u00edr\u00f3ihoz. Hozz\u00e1tette, hogy a cikk v\u00e9gkicseng\u00e9se sz\u00e1m\u00e1ra m\u00e9gis az volt, hogy a legmagasabb politikai szinteken tov\u00e1bbra is oroszp\u00e1rti d\u00f6nt\u00e9sek sz\u00fcletnek, ahogy ez a harmadik paksi beruh\u00e1z\u00e1s eset\u00e9ben, valamint az eredetileg a Direkt36 \u00e1ltal felt\u00e1rt k\u00fcl\u00fcgyminiszt\u00e9riumi orosz hackel\u00e9s eset\u00e9ben is t\u00f6rt\u00e9nt.<\/p>\n<blockquote><p>\u201eHi\u00e1ba \u00edrunk, besz\u00e9l\u00fcnk orosz-magyar kapcsolatr\u00f3l, itt nyoma sincsen bizalomnak\u201d<\/p><\/blockquote>\n<p>\u2013 mondta Feledy arr\u00f3l, hogy milyen k\u00fclpolitikai k\u00f6vetkezm\u00e9nyei lehetn\u00e9nek az oroszokt\u00f3l val\u00f3 t\u00e1volod\u00e1snak egy Paks II. szint\u0171 kiemelt projekt eset\u00e9n. \u201e\u00dagy t\u0171nik, mintha a magyar korm\u00e1ny nem rendelkezne a teljes mozg\u00e1st\u00e9rrel, ami pedig f\u00fcgg\u0151s\u00e9get jelent, innent\u0151l a fant\u00e1zia szab hat\u00e1rt annak, hogy milyen f\u00fcgg\u0151s\u00e9gi viszonyt tudunk elk\u00e9pzelni, de az orosz hatalmi logika \u00edgy m\u0171k\u00f6dik, \u00edgy m\u0171k\u00f6d\u00f6tt \u00e9s m\u00e1s orsz\u00e1gokban is l\u00e1tjuk ezt.\u201d<\/p>\n<p>M\u00e1s orsz\u00e1gok kitetts\u00e9g\u00e9r\u0151l hozz\u00e1tette, hogy Finnorsz\u00e1g le\u00e1ll\u00edtotta a maga orosz atomer\u0151m\u0171-projektj\u00e9t 2022 tavasz\u00e1n \u201earra hivatkozva, hogy nem l\u00e1tt\u00e1k, a Roszatom hogyan tudn\u00e1 kivitelezni a projektet sz\u00e1mtalan ok miatt, ha a h\u00e1bor\u00fa \u00f6nmag\u00e1ban nem lenne vis maior.\u201d Ugyanakkor 2023-ban megdupl\u00e1z\u00f3dott a nukle\u00e1ris f\u0171t\u0151anyag-beszerz\u00e9s Oroszorsz\u00e1gb\u00f3l az Eur\u00f3pai Uni\u00f3ba, \u00e9s ennek f\u0151 felhaszn\u00e1l\u00f3i a szlov\u00e1kok, a csehek \u00e9s a magyarok. \u201eAz \u00e9rz\u0151dik, hogy ezek az orsz\u00e1gok j\u00f3 el\u0151re bev\u00e1s\u00e1roltak f\u0171t\u0151anyagb\u00f3l, hogy ha fokoz\u00f3dna a politikai fesz\u00fclts\u00e9g, ez akkor is meglegyen\u201d \u2013 mondta Feledy.<\/p>\n<p>Paks II. tov\u00e1bbi kih\u00edv\u00e1sair\u00f3l Szab\u00f3 \u00e9s Feledy azt mondt\u00e1k, hogy a Roszatomot nem lehet al\u00e1becs\u00fclni, a projekt megval\u00f3s\u00edt\u00e1si f\u00e1zisba l\u00e9p\u00e9s\u00e9vel nagy \u00f6sszegeket tudnak leh\u00edvni a projekt k\u00f6lts\u00e9gvet\u00e9s\u00e9b\u0151l. Hszi Csin-ping k\u00ednai eln\u00f6k \u00e9s Orb\u00e1n Viktor energetikai megegyez\u00e9se \u00e9s az \u00e9p\u00fcl\u0151 akkumul\u00e1tor-gy\u00e1rak n\u00f6vekv\u0151 energiaig\u00e9nye azonban \u00faj nyom\u00e1st helyezhet a projekt r\u00e9sztvev\u0151ire.<\/p>\n<p>A teljes ad\u00e1st <a href=\"https:\/\/on.soundcloud.com\/AB5vYjA2KrN98c3r8\">Soundcloudon<\/a>, <a href=\"https:\/\/open.spotify.com\/episode\/2TtpDGv8tVPE7txXs8MKto?si=vZclLju0Toqe_Ui7-6S9Gg\">Spotify-on<\/a> \u00e9s <a href=\"https:\/\/www.youtube.com\/watch?v=1JQIxDGdqBo\">Youtube-on<\/a> lehet meghallgatni. Szab\u00f3 Andr\u00e1s \u00e9s Peth\u0151 Andr\u00e1s cikke <a href=\"https:\/\/www.direkt36.hu\/volt-egy-otlet-az-oroszok-kiszoritasara-a-paksi-bovitesbol-de-elbukott-orbanon\/\">itt olvashat\u00f3<\/a>.<\/p>\n<p><em>Bor\u00edt\u00f3k\u00e9p: Novo-Ogarjovo, 2014. janu\u00e1r 14.<\/em><br \/>\n<em>Vlagyimir Putyin orosz \u00e1llamf\u00f5 (j) fogadja a hivatalos moszkvai munkal\u00e1togat\u00e1son tart\u00f3zkod\u00f3 Orb\u00e1n Viktor magyar minisztereln\u00f6k\u00f6t a Moszkva k\u00f6rny\u00e9ki, novo-ogarjov\u00f3i rezidenci\u00e1j\u00e1n 2014. janu\u00e1r 14-\u00e9n. (MTI\/EPA\/Jurij Kocsetkov)<\/em><\/p>","protected":false},"excerpt":{"rendered":"<p class=\"qtranxs-available-languages-message qtranxs-available-languages-message-en\">Sorry, this entry is only available in <a href=\"https:\/\/www.direkt36.hu\/hu\/wp-json\/wp\/v2\/posts\/11263\" class=\"qtranxs-available-language-link qtranxs-available-language-link-hu\" title=\"Magyar\">Hungarian<\/a>.<\/p>\n<p>A Direkt36 leg\u00fajabb podcast epiz\u00f3dj\u00e1ban Szab\u00f3 Andr\u00e1ssal, a Direkt36 \u00fajs\u00e1g\u00edr\u00f3j\u00e1val \u00e9s Feledy Botonddal, a Partiz\u00e1n k\u00fclpolitikai szak\u00e9rt\u0151j\u00e9vel az Orb\u00e1n-korm\u00e1ny atomenergi\u00e1val kapcsolatos nagyhatalmi j\u00e1tszm\u00e1ir\u00f3l besz\u00e9lgetett G\u00f3lya \u00c1gnes, a Direkt36 \u00fajs\u00e1g\u00edr\u00f3ja.<\/p>\n","protected":false},"author":34,"featured_media":4224,"comment_status":"closed","ping_status":"closed","sticky":false,"template":"","format":"standard","meta":{"footnotes":""},"categories":[23],"tags":[670,669,190,262,493,279],"ppma_author":[611],"aioseo_notices":[],"fimg_url":["https:\/\/www.direkt36.hu\/wp-content\/uploads\/2018\/02\/Orban-Putyin2-forras-kormany.hu_-scaled.jpg",1920,1360,false],"authors":[{"term_id":611,"user_id":34,"is_guest":0,"slug":"golya-agnes","display_name":"\u00c1gnes G\u00f3lya","avatar_url":{"url":"https:\/\/www.direkt36.hu\/wp-content\/uploads\/2024\/02\/Golya-Agnes.png","url2x":"https:\/\/www.direkt36.hu\/wp-content\/uploads\/2024\/02\/Golya-Agnes.png"},"author_category":"","user_url":"","last_name":"G\u00f3lya","first_name":"\u00c1gnes","job_title":"","description":"[:hu]A Sz\u00ednh\u00e1z-\u00e9s Filmm\u0171v\u00e9szeti Egyetem telev\u00edzi\u00f3s m\u0171sork\u00e9sz\u00edt\u0151 szak\u00e1n v\u00e9gzett 2019-ben, majd egy r\u00f6vid telev\u00edzi\u00f3s kit\u00e9r\u0151 ut\u00e1n n\u00e9gy \u00e9vig a Forbes Magyarorsz\u00e1g \u00fajs\u00e1g\u00edr\u00f3ja volt. K\u00e9t \u00e9vig szerkesztette a legbefoly\u00e1sosabb magyar n\u0151k list\u00e1j\u00e1t, h\u00e1rom \u00e9vig dolgozott az 50 leggazdagabb magyar list\u00e1j\u00e1n, \u00e9s kiemelt t\u00e9m\u00e1ja volt m\u00e9g a kock\u00e1zati t\u0151ke \u00e9s a magyar startupvil\u00e1g. 2022-ben Junior Prima d\u00edjat kapott. 2023 okt\u00f3ber\u00e9ben csatlakozott a Direkt36-hoz.[:en]\u00c1gnes graduated in television production from the University of Theatre and Film Arts in 2019 and after a short detour in television she worked as a journalist for Forbes Hungary for four years. There she was the editor of the most influential Hungarian women list for two years, and worked for three years on the list of the 50 wealthiest Hungarians. She also covered venture capital and the Hungarian startup ecosystem. She was awarded the Junior Prima Prize in 2022 and joined Direkt36 in October 2023.[:]"}],"tag_names":[{"name":"atomenergia","slug":"atomenergia"},{"name":"Franciaorsz\u00e1g","slug":"franciaorszag"},{"name":"foreign policy","slug":"kulpolitika"},{"name":"Russia","slug":"oroszorszag"},{"name":"Paks Nuclear Power Plant","slug":"paksi-atomeromu"},{"name":"Podcast","slug":"podcast"}],"category_names":[{"name":"Podcast","slug":"podcast"}],"_links":{"self":[{"href":"https:\/\/www.direkt36.hu\/en\/wp-json\/wp\/v2\/posts\/11263"}],"collection":[{"href":"https:\/\/www.direkt36.hu\/en\/wp-json\/wp\/v2\/posts"}],"about":[{"href":"https:\/\/www.direkt36.hu\/en\/wp-json\/wp\/v2\/types\/post"}],"author":[{"embeddable":true,"href":"https:\/\/www.direkt36.hu\/en\/wp-json\/wp\/v2\/users\/34"}],"replies":[{"embeddable":true,"href":"https:\/\/www.direkt36.hu\/en\/wp-json\/wp\/v2\/comments?post=11263"}],"version-history":[{"count":0,"href":"https:\/\/www.direkt36.hu\/en\/wp-json\/wp\/v2\/posts\/11263\/revisions"}],"wp:featuredmedia":[{"embeddable":true,"href":"https:\/\/www.direkt36.hu\/en\/wp-json\/wp\/v2\/media\/4224"}],"wp:attachment":[{"href":"https:\/\/www.direkt36.hu\/en\/wp-json\/wp\/v2\/media?parent=11263"}],"wp:term":[{"taxonomy":"category","embeddable":true,"href":"https:\/\/www.direkt36.hu\/en\/wp-json\/wp\/v2\/categories?post=11263"},{"taxonomy":"post_tag","embeddable":true,"href":"https:\/\/www.direkt36.hu\/en\/wp-json\/wp\/v2\/tags?post=11263"},{"taxonomy":"author","embeddable":true,"href":"https:\/\/www.direkt36.hu\/en\/wp-json\/wp\/v2\/ppma_author?post=11263"}],"curies":[{"name":"wp","href":"https:\/\/api.w.org\/{rel}","templated":true}]}}