{"id":11401,"date":"2024-09-05T11:33:52","date_gmt":"2024-09-05T09:33:52","guid":{"rendered":"https:\/\/www.direkt36.hu\/?p=11401"},"modified":"2024-09-05T15:36:52","modified_gmt":"2024-09-05T13:36:52","slug":"direkt36-podcast-szolasszabadsag-elleni-tamadas-a-telegram-vezer-letartoztatasa","status":"publish","type":"post","link":"https:\/\/www.direkt36.hu\/en\/direkt36-podcast-szolasszabadsag-elleni-tamadas-a-telegram-vezer-letartoztatasa\/","title":{"rendered":"(Magyar) Direkt36 podcast \u2013 Sz\u00f3l\u00e1sszabads\u00e1g elleni t\u00e1mad\u00e1s a Telegram-vez\u00e9r letart\u00f3ztat\u00e1sa?"},"content":{"rendered":"<p class=\"qtranxs-available-languages-message qtranxs-available-languages-message-en\">Sorry, this entry is only available in <a href=\"https:\/\/www.direkt36.hu\/hu\/wp-json\/wp\/v2\/posts\/11401\" class=\"qtranxs-available-language-link qtranxs-available-language-link-hu\" title=\"Magyar\">Hungarian<\/a>.<\/p><p><em>A besz\u00e9lget\u00e9s meghallgathat\u00f3 <a href=\"https:\/\/open.spotify.com\/episode\/4gtVKRnOapedye3myRNpvS?si=181d711e5ea94135\">Spotify-on<\/a>, <a href=\"https:\/\/soundcloud.com\/user-352142716\/direkt36-podcast-92-szolasszabadsag-elleni-tamadas-a-telegram-vezer-letartoztatasa\">Soundcloudon<\/a> \u00e9s <a href=\"https:\/\/youtu.be\/d0m3ctJ_Fn0?si=DWDjuvqIOsLEi1d6\">Youtube-on<\/a> is.<\/em><\/p>\n<p>Augusztusban mag\u00e1nrep\u00fcl\u0151je lesz\u00e1ll\u00e1sa ut\u00e1n a francia hat\u00f3s\u00e1gok letart\u00f3ztatt\u00e1k az orosz sz\u00e1rmaz\u00e1s\u00fa Pavel Durovot, a Telegram \u00fczenetk\u00fcld\u0151 \u00e9s k\u00f6z\u00f6ss\u00e9gim\u00e9dia-alkalmaz\u00e1s alap\u00edt\u00f3j\u00e1t P\u00e1rizsban. Durov a Telegramon terjed\u0151 tartalmak miatt ker\u00fclt a franci\u00e1k c\u00e9lkeresztj\u00e9be: a fel\u00fcletet a hat\u00f3s\u00e1gok szerint b\u0171n\u00f6z\u0151k k\u00e1b\u00edt\u00f3szer-kereskedelemre, gyerekek ellen elk\u00f6vetett b\u0171ncselekm\u00e9nyekre \u00e9s csal\u00e1sra is haszn\u00e1lj\u00e1k, ami\u00e9rt a franci\u00e1k szerint a Telegram megalkot\u00f3ja is felel\u0151s.<\/p>\n<p>Nagyon keveset lehet tudni arr\u00f3l, pontosan milyen tartalmak sz\u00fart\u00e1k a francia hat\u00f3s\u00e1gok szem\u00e9t, ami\u00e9rt v\u00e9g\u00fcl letart\u00f3ztatt\u00e1k Pavel Durovot \u2013 mondta el Simon \u00c9va a Direkt36 r\u00e1di\u00f3ad\u00e1s\u00e1ban. Azt viszont \u0151 is hangs\u00falyozta, hogy a Telegramon val\u00f3ban s\u00falyos b\u0171ncselekm\u00e9nyek t\u00f6rt\u00e9ntek, \u00e9s sz\u00e1mos tartalom, tev\u00e9kenys\u00e9g gyakorlatilag kontroll\u00e1latlanul terjedhetett a fel\u00fcleleten.<\/p>\n<p>Simon ezek k\u00f6z\u00f6tt eml\u00edtette a pedofilb\u0171ncselekm\u00e9nyeket \u00e9s a k\u00e1b\u00edt\u00f3szer-kereskedelmet. \u201eEzt tudjuk\u201d \u2013 sz\u00f6gezte le.<\/p>\n<blockquote><p>\u201eDe hogy milyen tartalom miatt gondolj\u00e1k azt, hogy egy tulajdonos ellen b\u00fcntet\u0151elj\u00e1r\u00e1st kell ind\u00edtani, ez egy\u00e1ltal\u00e1n nem vil\u00e1gos\u201d \u2013 mondta Simon.<\/p><\/blockquote>\n<p>A jog\u00e1sz szerint az eg\u00e9sz \u00fcgyet meghat\u00e1roz\u00f3 k\u00e9rd\u00e9s, hogy mi\u00e9rt felel az orosz alap\u00edt\u00e1s\u00fa Telegram Franciaorsz\u00e1gban? Ennek alapja a 2023 \u00f3ta az EU-ban hat\u00e1lyban l\u00e9v\u0151 rendelet, amely a digit\u00e1lis szolg\u00e1ltat\u00e1sokat szab\u00e1lyozza.<\/p>\n<p>Ez alapj\u00e1n a nagyobb, 45 milli\u00f3 felhaszn\u00e1l\u00f3n\u00e1l t\u00f6bbel rendelkez\u0151 fel\u00fcleleteknek megszabja, milyen tartalmakat \u00e9s hogyan lehet elt\u00e1vol\u00edtani, milyen vitarendez\u00e9si lehet\u0151s\u00e9gei vannak a felhaszn\u00e1l\u00f3knak, akiknek felf\u00fcggesztik vagy t\u00f6rlik a profilj\u00e1t \u2013 ennek egyes rendelkez\u00e9seit fokozatosan vezett\u00e9k be, \u00e9s b\u00e1r Simon szerint nem hib\u00e1tlan, el\u0151rel\u00e9p\u00e9st jelent a k\u00f6z\u00f6ss\u00e9gi m\u00e9dia szab\u00e1lyoz\u00e1s\u00e1ban.<\/p>\n<p>Az ad\u00e1sban a Durov \u00fcgy\u00e9t \u00e9rint\u0151 jogi h\u00e1tt\u00e9r mellett besz\u00e9lt\u00fcnk arr\u00f3l, kellene-e tartania Elon Musknak az X-en megjelen\u0151 tartalmak miatt att\u00f3l, hogy Eur\u00f3p\u00e1ban \u0151t is letart\u00f3ztatj\u00e1k, jogosan \u00e9rvel-e amellett az egyszeri felhaszn\u00e1l\u00f3, hogy s\u00e9r\u00fclnek a v\u00e9lem\u00e9nynyilv\u00e1n\u00edt\u00e1si \u00e9s inform\u00e1ci\u00f3hoz jut\u00e1shoz val\u00f3 jogai, ha nem \u00e1tl\u00e1that\u00f3 ir\u00e1nyelvekre hivatkozva t\u00f6rli a profilj\u00e1t a Facebook, tov\u00e1bb\u00e1 sz\u00f3 esett <a href=\"https:\/\/www.direkt36.hu\/az-orban-rendszer-csucsvallalatanak-titkai\/\">a Vodafone korm\u00e1nyk\u00f6zelbe ker\u00fcl\u00e9s\u00e9r\u0151l<\/a> \u00e9s az ezzel j\u00e1r\u00f3 adatv\u00e9delmi kock\u00e1zatokr\u00f3l.<\/p>\n<p><em>A besz\u00e9lget\u00e9s meghallgathat\u00f3 <a href=\"https:\/\/open.spotify.com\/episode\/4gtVKRnOapedye3myRNpvS?si=181d711e5ea94135\">Spotify-on<\/a>, <a href=\"https:\/\/soundcloud.com\/user-352142716\/direkt36-podcast-92-szolasszabadsag-elleni-tamadas-a-telegram-vezer-letartoztatasa\">Soundcloudon<\/a> \u00e9s <a href=\"https:\/\/youtu.be\/d0m3ctJ_Fn0?si=DWDjuvqIOsLEi1d6\">Youtube-on<\/a> is.<\/em><\/p>\n<p>Fot\u00f3: Pavel Durov, a Telegram alap\u00edt\u00f3ja Forr\u00e1s: TechCrunch \/ Flickr<\/p>\n<p>Grafika: Tilos<\/p>","protected":false},"excerpt":{"rendered":"<p class=\"qtranxs-available-languages-message qtranxs-available-languages-message-en\">Sorry, this entry is only available in <a href=\"https:\/\/www.direkt36.hu\/hu\/wp-json\/wp\/v2\/posts\/11401\" class=\"qtranxs-available-language-link qtranxs-available-language-link-hu\" title=\"Magyar\">Hungarian<\/a>.<\/p>\n<p>Podcastunk vend\u00e9ge Simon \u00c9va, a Civil Liberties Union jog\u00e1sza volt, akivel Pavel Durov letart\u00f3ztat\u00e1s\u00e1nak jogi h\u00e1ttere mellett Elon Muskr\u00f3l, az eur\u00f3pai \u00e9s az amerikai sz\u00f3l\u00e1sszabads\u00e1got alak\u00edt\u00f3 k\u00e9rd\u00e9sek k\u00fcl\u00f6nb\u00f6z\u0151s\u00e9geir\u0151l, valamint arr\u00f3l is besz\u00e9lgett\u00fcnk, milyen vesz\u00e9lyek leselkednek az el\u0151fizet\u0151kre, akiknek a telekommunik\u00e1ci\u00f3s szolg\u00e1ltat\u00f3j\u00e1t a magyar korm\u00e1ny v\u00e1s\u00e1rolja meg.<\/p>\n","protected":false},"author":29,"featured_media":11402,"comment_status":"closed","ping_status":"closed","sticky":false,"template":"","format":"standard","meta":{"footnotes":""},"categories":[23],"tags":[703,706,707,704,279,702,599,705,709,708],"ppma_author":[545],"aioseo_notices":[],"fimg_url":["https:\/\/www.direkt36.hu\/wp-content\/uploads\/2024\/09\/paveldurov_TechCrunch_flickr_d36.jpg",1080,719,false],"authors":[{"term_id":545,"user_id":29,"is_guest":0,"slug":"patrik","display_name":"Patrik Galavits","avatar_url":{"url":"https:\/\/www.direkt36.hu\/wp-content\/uploads\/2023\/10\/Galavits-Patrik.png","url2x":"https:\/\/www.direkt36.hu\/wp-content\/uploads\/2023\/10\/Galavits-Patrik.png"},"author_category":"","user_url":"","last_name":"Galavits","first_name":"Patrik","job_title":"","description":"[:hu]Az NKE-n szerzett igazgat\u00e1sszervez\u0151 \u00e9s nemzetk\u00f6zi igazgat\u00e1si diplom\u00e1val el\u0151bb multikn\u00e1l dolgozott, innen v\u00e1ltott az \u00fajs\u00e1g\u00edr\u00e1sra. Volt riporter \u00e9s m\u0171sorvezet\u0151 a Klubr\u00e1di\u00f3n\u00e1l, podcastot k\u00e9sz\u00edtett \u00e9s cikkeket \u00edrt az Azonnali.hu-n\u00e1l, majd a Forbes Magyarorsz\u00e1g munkat\u00e1rsak\u00e9nt dolgozott. 2019-ben \u00f6szt\u00f6nd\u00edjjal k\u00e9t h\u00f3napot a nyugat-n\u00e9metorsz\u00e1gi k\u00f6zszolg\u00e1lati m\u00e9di\u00e1n\u00e1l, a WDR-n\u00e9l t\u00f6lt\u00f6tt, 2022-ben az Egyes\u00fclt \u00c1llamok k\u00fcl\u00fcgyminiszt\u00e9riuma \u00e1ltal szervezett program, az IVLP r\u00e9sztvev\u0151je volt. T\u00f6bbsz\u00f6r jel\u00f6lt\u00e9k Min\u0151s\u00e9gi \u00dajs\u00e1g\u00edr\u00e1s\u00e9rt-d\u00edjra, 2021-ben az egykori balettint\u00e9zeti vissza\u00e9l\u00e9seket \u00e9s zaklat\u00e1sokat felt\u00e1r\u00f3 cikksorozat\u00e1\u00e9rt Transparency-Soma-d\u00edjra.[:en]Patrik graduated in Public and International Administration from the National University of Public Service. He started out as a private sector employee at multinational corporations before he ventured into journalism. He became a reporter and radio show host at Klubr\u00e1di\u00f3, then he produced a podcast and wrote articles at Azonnali.hu. Most recently he worked at Forbes Hungary. In 2019, he won a grant at WDR, a public broadcaster based in Germany. In 2022, he took part in an International Visitor Leadership Program for journalists, organized by the United States Department of State. He has been nominated for the Quality Journalism Award multiple times. His investigative article series involving abuses and sexual harassment at the Hungarian Dance Academy earned him a nomination for the Transparency Soma Award in 2021.[:]"}],"tag_names":[{"name":"elon musk","slug":"elon-musk"},{"name":"facebook","slug":"facebook"},{"name":"mark zuckerberg","slug":"mark-zuckerberg"},{"name":"pavel durov","slug":"pavel-durov"},{"name":"Podcast","slug":"podcast"},{"name":"simon \u00e9va","slug":"simon-eva"},{"name":"freedom of speech","slug":"szolasszabadsag"},{"name":"telegram","slug":"telegram"},{"name":"twitter","slug":"twitter"},{"name":"x","slug":"x"}],"category_names":[{"name":"Podcast","slug":"podcast"}],"_links":{"self":[{"href":"https:\/\/www.direkt36.hu\/en\/wp-json\/wp\/v2\/posts\/11401"}],"collection":[{"href":"https:\/\/www.direkt36.hu\/en\/wp-json\/wp\/v2\/posts"}],"about":[{"href":"https:\/\/www.direkt36.hu\/en\/wp-json\/wp\/v2\/types\/post"}],"author":[{"embeddable":true,"href":"https:\/\/www.direkt36.hu\/en\/wp-json\/wp\/v2\/users\/29"}],"replies":[{"embeddable":true,"href":"https:\/\/www.direkt36.hu\/en\/wp-json\/wp\/v2\/comments?post=11401"}],"version-history":[{"count":0,"href":"https:\/\/www.direkt36.hu\/en\/wp-json\/wp\/v2\/posts\/11401\/revisions"}],"wp:featuredmedia":[{"embeddable":true,"href":"https:\/\/www.direkt36.hu\/en\/wp-json\/wp\/v2\/media\/11402"}],"wp:attachment":[{"href":"https:\/\/www.direkt36.hu\/en\/wp-json\/wp\/v2\/media?parent=11401"}],"wp:term":[{"taxonomy":"category","embeddable":true,"href":"https:\/\/www.direkt36.hu\/en\/wp-json\/wp\/v2\/categories?post=11401"},{"taxonomy":"post_tag","embeddable":true,"href":"https:\/\/www.direkt36.hu\/en\/wp-json\/wp\/v2\/tags?post=11401"},{"taxonomy":"author","embeddable":true,"href":"https:\/\/www.direkt36.hu\/en\/wp-json\/wp\/v2\/ppma_author?post=11401"}],"curies":[{"name":"wp","href":"https:\/\/api.w.org\/{rel}","templated":true}]}}