{"id":11473,"date":"2024-10-03T11:29:09","date_gmt":"2024-10-03T09:29:09","guid":{"rendered":"https:\/\/www.direkt36.hu\/?p=11473"},"modified":"2024-10-28T13:28:25","modified_gmt":"2024-10-28T12:28:25","slug":"direkt36-podcast-mit-csinal-magyarorszagon-a-kinai-kommunista-part-csodafegyvere","status":"publish","type":"post","link":"https:\/\/www.direkt36.hu\/en\/direkt36-podcast-mit-csinal-magyarorszagon-a-kinai-kommunista-part-csodafegyvere\/","title":{"rendered":"(Magyar) Direkt36 podcast \u2013 Mit csin\u00e1l Magyarorsz\u00e1gon a K\u00ednai Kommunista P\u00e1rt csodafegyvere?"},"content":{"rendered":"<p class=\"qtranxs-available-languages-message qtranxs-available-languages-message-en\">Sorry, this entry is only available in <a href=\"https:\/\/www.direkt36.hu\/hu\/wp-json\/wp\/v2\/posts\/11473\" class=\"qtranxs-available-language-link qtranxs-available-language-link-hu\" title=\"Magyar\">Hungarian<\/a>.<\/p><p><em>Az Egyes\u00fclt Frontr\u00f3l sz\u00f3l\u00f3 podcast epiz\u00f3dunk m\u00e1r el\u00e9rhet\u0151 <a href=\"https:\/\/soundcloud.com\/user-352142716\/direkt36-podcast-94-mit-csinal-magyarorszagon-a-kinai-kommunista-part-egyik-legkulonosebb-szervezete\">Soundcloudon<\/a>, <a href=\"https:\/\/open.spotify.com\/episode\/3k4zk1HDw0MgYNJqGtB6S2\">Spotify-on<\/a>, <a href=\"https:\/\/www.youtube.com\/watch?v=0GdxpIEhjS0&amp;t=464s\">Youtube-on<\/a>.<\/em><\/p>\n<p>A Direkt36 egy nemzetk\u00f6zi t\u00e9nyfelt\u00e1r\u00f3 \u00fajs\u00e1g\u00edr\u00f3i projekt r\u00e9szek\u00e9nt der\u00edtette ki, milyen kiterjedt kapcsolatrendszerrel b\u00edr Magyarorsz\u00e1gon a K\u00ednai Kommunista P\u00e1rt h\u00edrszerz\u0151 \u00fcgyn\u00f6ks\u00e9gek\u00e9nt sz\u00e1mon tartott Egyes\u00fclt Front. Tev\u00e9kenys\u00e9g\u00fck megmutatkozott t\u00f6bbek k\u00f6zt a k\u00ednai eln\u00f6k m\u00e1jusi l\u00e1togat\u00e1sakor, a Fudan k\u00f6r\u00fcli politikai vit\u00e1kban \u00e9s a Magyarorsz\u00e1gon megjelen\u0151 k\u00ednai lapok m\u0171k\u00f6d\u00e9s\u00e9ben is.<\/p>\n<p>Az Egyes\u00fclt Front eredete r\u00e9gre ny\u00falik vissza, Beck Fanni szerint \u201eszovjet import\u201d, amely m\u00e1r a 20. sz\u00e1zad els\u0151 fele \u00f3ta l\u00e9tezik \u00e9s amit Mao Ce-tung adapt\u00e1lt K\u00edn\u00e1ra. Ekkor els\u0151sorban m\u00e9g a p\u00e1rt bels\u0151 ellens\u00e9geinek a megf\u00e9leml\u00edt\u00e9s\u00e9re, az ellenz\u00e9k elnyom\u00e1s\u00e1ra haszn\u00e1lt\u00e1k. Ma m\u00e1r a K\u00ednai Kommunista P\u00e1rt hatalmon tart\u00e1sa a c\u00e9l, az im\u00e1zs jav\u00edt\u00e1sa, \u00e9p\u00edt\u00e9se, a csoport tev\u00e9kenys\u00e9g\u00e9t pedig k\u00fclf\u00f6ldre is kiterjesztett\u00e9k.<\/p>\n<p>Marton Kamilla a besz\u00e9lget\u00e9s sor\u00e1n felid\u00e9zte, hogy k\u00e9t \u00e9vvel ezel\u0151tt figyelt fel a t\u00e9m\u00e1ra, amikor kij\u00f6tt a Safeguard Defenders nev\u0171 spanyol jogv\u00e9d\u0151szervezet kutat\u00e1sa, amely szerint az Egyes\u00fclt Front illeg\u00e1lis rend\u0151r\u00e1llom\u00e1sokat m\u0171k\u00f6dtet k\u00fclf\u00f6ld\u00f6n. Tompos M\u00e1rton, a Momentum jelenlegi eln\u00f6ke el is ment akkor ezek felt\u00e9telezett budapesti helysz\u00edneirei, \u00e9s ugyan inaktivit\u00e1st tapasztalt, de a csingtieni rend\u0151rs\u00e9g c\u00edmere megtal\u00e1lhat\u00f3 volt az egyik \u00e9p\u00fcleten. Ezt Tompos l\u00e1togat\u00e1sa ut\u00e1n gyorsan le is szedt\u00e9k.<\/p>\n<blockquote><p>Magyarorsz\u00e1gon a Direkt36 56 olyan szem\u00e9lyt \u00e9s 26 egyes\u00fcletet azonos\u00edtott, melyek kapcsolatban \u00e1llnak az Egyes\u00fclt Fronttal. Ezek k\u00f6z\u00f6tt voltak hivatalosan \u00fczleti, politikai, \u00e9s kultur\u00e1lis tev\u00e9kenys\u00e9ggel foglalkoz\u00f3 szervezetek is.<\/p><\/blockquote>\n<p>Beck szerint az Egyes\u00fclt Front munk\u00e1ja v\u00e1ltozik a geopolitikai k\u00f6rnyezett\u0151l f\u00fcgg\u0151en.<\/p>\n<p>\u201eNagyon fontos kiemelni, hogy Magyarorsz\u00e1g, teh\u00e1t a korm\u00e1nyunk szinte olyan, mintha maga lenne az Egyes\u00fclt Front.\u201d Mivel az Orb\u00e1n-korm\u00e1ny szoros kapcsolatokat \u00e9p\u00edtett ki K\u00edn\u00e1val, ez\u00e9rt Beck szerint nem kell \u0151ket k\u00fcl\u00f6n\u00f6sebben befoly\u00e1solni, vagy legal\u00e1bbis m\u00e1r magukt\u00f3l is el\u00e9g befoly\u00e1soltak ahhoz, hogy \u201epontosan ugyanazokat a n\u00e9zeteket hangoztass\u00e1k, amiket elv\u00e1r Hszi Csin-ping az Egyes\u00fclt Front nyilatkozatait al\u00e1\u00edr\u00f3kt\u00f3l.\u201d<\/p>\n<p>Beck szerint Hszi Csin-ping \u00faj c\u00e9lk\u00f6z\u00f6ns\u00e9get jel\u00f6lt ki a szervezetnek, ennek fontos r\u00e9sze a k\u00fclf\u00f6ld\u00f6n egyetemre j\u00e1r\u00f3 k\u00ednaiak k\u00f6re. Magyarorsz\u00e1gon ez k\u00f6r\u00fclbel\u00fcl 2500 f\u0151t jelent. Szerinte ez nincs kit\u00e9veaz ablakba, de nem is titkos, hogy minden egyetemen m\u0171k\u00f6dnek, kv\u00e1zi di\u00e1k\u00f6nkorm\u00e1nyzatk\u00e9nt az Egyes\u00fclt Front \u00e1ltal el\u00e9rt hallgat\u00f3i k\u00f6z\u00f6ss\u00e9gek. Beck, b\u00e1r nem biztos benne, de \u00fagy \u00e9rtelmezi, hogy a k\u00fclf\u00f6ld\u00f6n tanul\u00f3 k\u00ednai di\u00e1koknak k\u00f6telez\u0151 bel\u00e9pni\u00fck egy ilyen szervezetbe.<\/p>\n<p>Marton szerint ezek nehezen bizony\u00edthat\u00f3ak, mivel az Egyes\u00fclt Fronttal kapcsolatos dokumentumokban \u201edirekt \u00fagy fogalmaznak, hogy az ne utas\u00edt\u00e1snak hangozzon, hanem tan\u00e1csnak vagy k\u00e9r\u00e9snek.\u201d<\/p>\n<p>A besz\u00e9lget\u00e9s sor\u00e1n sz\u00f3ba ker\u00fclt a magyarorsz\u00e1gi k\u00ednai lapok helyzete is. Marton ennek kapcs\u00e1n elmondta, hogy 2017-ben volt egy glob\u00e1lis m\u00e9diaf\u00f3rum K\u00edn\u00e1ban, amelyre rengeteg orsz\u00e1gb\u00f3l h\u00edvtak meg lapigazgat\u00f3kat, \u00fajs\u00e1g\u00edr\u00f3kat. Ezen a f\u00f3rumon azt\u00e1n al\u00e1\u00edrattak vel\u00fck egy szerz\u0151d\u00e9st, amellyel v\u00e1llalt\u00e1k, hogy K\u00edn\u00e1nak kedvez\u0151 dolgokat kell \u00edrniuk. Magyarorsz\u00e1gr\u00f3l nyolc szem\u00e9ly \u00edrta al\u00e1 ezt a meg\u00e1llapod\u00e1st.<\/p>\n<p>\u201eGyakorlatilag arra haszn\u00e1lj\u00e1k \u0151ket, hogy K\u00edna sz\u00f3cs\u00f6vei legyenek, m\u00e1s orsz\u00e1gokban.\u201d<\/p>\n<p>A Magyarorsz\u00e1gon \u00e9l\u0151 k\u00ednaiak vegyesen \u00e1llnak a hatalomhoz, Beck szerint vannak k\u00f6zt\u00fck abszol\u00fat demokr\u00e1ciap\u00e1rtiak, akik \u00fagy gondolj\u00e1k, hogy a jelenlegi magyar korm\u00e1ny sok mindenben k\u00f6veti K\u00edn\u00e1t. Szerinte \u00e9rdekes m\u00f3don \u00f6t-hat \u00e9vvel ezel\u0151tt egy\u00e1ltal\u00e1n nem \u00e9reztek \u00edgy. Akkor m\u00e9g kifejezetten szimpatikusnak tal\u00e1lt\u00e1k a Fideszt, els\u0151sorban a bev\u00e1ndorl\u00e1spolitik\u00e1ja miatt.<\/p>\n<p>Beck a besz\u00e9lget\u00e9st azzal z\u00e1rta, egyre t\u00f6bb Magyarorsz\u00e1gon \u00e9l\u0151 k\u00ednait\u00f3l hallja, hogy<\/p>\n<blockquote><p>\u201eOrb\u00e1n Viktor egyre ink\u00e1bb olyan, mint a Hszi Csin-ping, Magyarorsz\u00e1g egyre k\u00ednaszer\u0171bb lesz.\u201d<\/p><\/blockquote>\n<p>A m\u0171sorban ezek mellett sz\u00f3ba ker\u00fclt, hogy mennyire neh\u00e9z nemet mondani a k\u00ednai \u00e1llamp\u00e1rtnak, mi a helyzet a k\u00ednai magyar kisebbs\u00e9ggel \u00e9s hogy milyen szerepe volt az Egyes\u00fclt Frontnak az idel\u00e1togat\u00f3 k\u00ednai eln\u00f6k k\u00f6sz\u00f6nt\u00e9s\u00e9n\u00e9ben \u00e9s a Fudan egyetem k\u00f6r\u00fcli politikai konfliktusokban.<\/p>\n<p><em>Az Egyes\u00fclt Frontr\u00f3l sz\u00f3l\u00f3 podcast epiz\u00f3dunk m\u00e1r el\u00e9rhet\u0151 <a href=\"https:\/\/soundcloud.com\/user-352142716\/direkt36-podcast-94-mit-csinal-magyarorszagon-a-kinai-kommunista-part-egyik-legkulonosebb-szervezete\">Soundcloudon<\/a>, <a href=\"https:\/\/open.spotify.com\/episode\/3k4zk1HDw0MgYNJqGtB6S2\">Spotify-on<\/a>, <a href=\"https:\/\/www.youtube.com\/watch?v=0GdxpIEhjS0&amp;t=464s\">Youtube-on<\/a>.<\/em><\/p>\n<p><em>Bor\u00edt\u00f3k\u00e9p: Orb\u00e1n \u00e9s Hszi id\u00e9n m\u00e1jusban \u2013 Forr\u00e1s: Minisztereln\u00f6ki Sajt\u00f3iroda\/Benko Vivien Cher<\/em><\/p>\n<p>&nbsp;<\/p>\n<p><em>Elindult a T\u00e1mogat\u00e1s H\u00f3napja a Direkt36-n\u00e1l! Ha szereted az alapos, sziklaszil\u00e1rd t\u00e9nyeken alapul\u00f3 cikkeket, \u00e9s sz\u00edvesen hallgatod podcastjeinket, akkor <a href=\"https:\/\/www.direkt36.hu\/tamogass-minket\/\">t\u00e1mogasd a Direkt36-ot<\/a> most, a T\u00e1mogat\u00e1s H\u00f3napj\u00e1ban!\u00a0<\/em><\/p>\n<p>&nbsp;<\/p>","protected":false},"excerpt":{"rendered":"<p class=\"qtranxs-available-languages-message qtranxs-available-languages-message-en\">Sorry, this entry is only available in <a href=\"https:\/\/www.direkt36.hu\/hu\/wp-json\/wp\/v2\/posts\/11473\" class=\"qtranxs-available-language-link qtranxs-available-language-link-hu\" title=\"Magyar\">Hungarian<\/a>.<\/p>\n<p>Magyarorsz\u00e1gon is aktiviz\u00e1lta mag\u00e1t a K\u00ednai Kommunista P\u00e1rt egyik befoly\u00e1sos egys\u00e9ge, az Egyes\u00fclt Front, amely az elm\u00falt \u00e9vekben felt\u0171nt azzal, hogy t\u00f6bb nyugati orsz\u00e1gban is megpr\u00f3b\u00e1lt beavatkozni a politikai t\u00f6rt\u00e9n\u00e9sekbe. \u00daj podcast epiz\u00f3dunkban Galavits Patrik besz\u00e9lgetett az err\u0151l sz\u00f3l\u00f3 cikket szerz\u0151 Marton Kamill\u00e1val \u00e9s Beck Fanni szoci\u00e1lantropol\u00f3gussal.<\/p>\n","protected":false},"author":32,"featured_media":11457,"comment_status":"closed","ping_status":"closed","sticky":false,"template":"","format":"standard","meta":{"footnotes":""},"categories":[16,23],"tags":[168,717,170],"ppma_author":[539],"aioseo_notices":[],"fimg_url":["https:\/\/www.direkt36.hu\/wp-content\/uploads\/2024\/10\/OV_HSZI_este.jpg",1920,1280,false],"authors":[{"term_id":539,"user_id":32,"is_guest":0,"slug":"kamilla","display_name":"Kamilla Marton","avatar_url":{"url":"https:\/\/www.direkt36.hu\/wp-content\/uploads\/2023\/10\/Marton-Kamilla.png","url2x":"https:\/\/www.direkt36.hu\/wp-content\/uploads\/2023\/10\/Marton-Kamilla.png"},"author_category":"","user_url":"","last_name":"Marton","first_name":"Kamilla","job_title":"","description":"[:hu]Kamilla a Budapesti Metropolitan Egyetemen diplom\u00e1zott kommunik\u00e1ci\u00f3- \u00e9s m\u00e9diatudom\u00e1ny szakon, majd szakm\u00e1j\u00e1t a Direkt36-n\u00e1l kezdte junior \u00fajs\u00e1g\u00edr\u00f3k\u00e9nt. F\u0151k\u00e9nt az underground szubkult\u00far\u00e1k \u00e9s a t\u00e1rsadalmi egyenl\u0151tlens\u00e9gek kultur\u00e1lis h\u00e1ttere \u00e9rdeklik. 2023-ban a k\u00f3rh\u00e1zi fert\u0151z\u00e9sek eltitkolt helyzet\u00e9t felt\u00e1r\u00f3 cikksorozat\u00e1\u00e9rt Wirth Zsuzsann\u00e1val k\u00f6z\u00f6sen elnyerte a Transparency-Soma d\u00edjat. Szereti az extr\u00e9m sportokat.[:en]Kamilla graduated from the Budapest Metropolitan University in Communication and Media Science. She started her career at Direkt36 as a junior journalist. She is mainly interested in the cultural background of underground subcultures and social inequalities. In 2023, she won the Transparency-Soma award together with Zsuzsanna Wirth for her series of articles exposing the hidden situation of hospital-acquired infections. She loves extreme sports.[:]"}],"tag_names":[{"name":"China","slug":"kina"},{"name":"k\u00ednai egyes\u00fcletek","slug":"kinai-egyesuletek"},{"name":"Hungary-China relations","slug":"kinai-kapcsolatok"}],"category_names":[{"name":"Chinatown","slug":"magyar-kulpolitika"},{"name":"Podcast","slug":"podcast"}],"_links":{"self":[{"href":"https:\/\/www.direkt36.hu\/en\/wp-json\/wp\/v2\/posts\/11473"}],"collection":[{"href":"https:\/\/www.direkt36.hu\/en\/wp-json\/wp\/v2\/posts"}],"about":[{"href":"https:\/\/www.direkt36.hu\/en\/wp-json\/wp\/v2\/types\/post"}],"author":[{"embeddable":true,"href":"https:\/\/www.direkt36.hu\/en\/wp-json\/wp\/v2\/users\/32"}],"replies":[{"embeddable":true,"href":"https:\/\/www.direkt36.hu\/en\/wp-json\/wp\/v2\/comments?post=11473"}],"version-history":[{"count":0,"href":"https:\/\/www.direkt36.hu\/en\/wp-json\/wp\/v2\/posts\/11473\/revisions"}],"wp:featuredmedia":[{"embeddable":true,"href":"https:\/\/www.direkt36.hu\/en\/wp-json\/wp\/v2\/media\/11457"}],"wp:attachment":[{"href":"https:\/\/www.direkt36.hu\/en\/wp-json\/wp\/v2\/media?parent=11473"}],"wp:term":[{"taxonomy":"category","embeddable":true,"href":"https:\/\/www.direkt36.hu\/en\/wp-json\/wp\/v2\/categories?post=11473"},{"taxonomy":"post_tag","embeddable":true,"href":"https:\/\/www.direkt36.hu\/en\/wp-json\/wp\/v2\/tags?post=11473"},{"taxonomy":"author","embeddable":true,"href":"https:\/\/www.direkt36.hu\/en\/wp-json\/wp\/v2\/ppma_author?post=11473"}],"curies":[{"name":"wp","href":"https:\/\/api.w.org\/{rel}","templated":true}]}}