{"id":11653,"date":"2024-12-06T13:55:41","date_gmt":"2024-12-06T12:55:41","guid":{"rendered":"https:\/\/www.direkt36.hu\/?p=11653"},"modified":"2024-12-07T04:58:58","modified_gmt":"2024-12-07T03:58:58","slug":"english-eu-investigators-probing-orbans-son-in-law-surveilled-sparking-intelligence-agency-infighting","status":"publish","type":"post","link":"https:\/\/www.direkt36.hu\/en\/english-eu-investigators-probing-orbans-son-in-law-surveilled-sparking-intelligence-agency-infighting\/","title":{"rendered":"EU Investigators Probing Orb\u00e1n\u2019s Son-in-Law Surveilled, Sparking Intelligence Agency Infighting"},"content":{"rendered":"<p>The summer of 2018 was a dramatic point in the history of the Hungarian foreign intelligence agency, the Information Office (IO, or IH in Hungarian). Events took place that shed light on unprecedented power struggles within the government.<\/p>\n<p>The IH had previously been under the supervision of J\u00e1nos L\u00e1z\u00e1r, who led the Prime Minister\u2019s Office for years. However, in the fourth Orb\u00e1n government, formed after the 2018 election, the office got a new overseer. L\u00e1z\u00e1r was ousted from the government, and the office was put under the supervision of P\u00e9ter Szijj\u00e1rt\u00f3, the Minister of Foreign Affairs and Trade.<\/p>\n<p>The twists and turns began when, during the handover, Szijj\u00e1rt\u00f3 summoned Istv\u00e1n P\u00e1sztor, the director-general of the IH, and his two deputies, G\u00e1bor Diczh\u00e1zi and Csaba Demcs\u00e1k, to the ministry\u2019s headquarters on Bem Square. Although the expected purpose of the meeting would be to remove the IH leadership, much more happened.<\/p>\n<p>As P\u00e1sztor and his two deputies set out from the IH\u2019s Budakeszi Road office towards Bem Square, a foreign ministry security department official called the Information Office to inform them that a task force of about thirty people would soon arrive, and they should be allowed entry and granted access to any documents.<\/p>\n<blockquote><p>\u201cThey essentially arrived with an open order, allowing them to fully act against the IH and look into all records,\u201d<\/p><\/blockquote>\n<p>said a source familiar with the details, noting that the team members raiding the foreign intelligence came from various bodies under the Ministry of Interior. This team then spent weeks at the IH headquarters, during which they interrogated staff, searched archives, and seized computers. During the investigation, interior ministry officials were even given their own rooms. Meanwhile, the dismissed IH leaders could not even return to their offices; in some cases, personal belongings were only returned much later.<\/p>\n<p>The task force officially claimed to have been sent to the IH because P\u00e9ter Szijj\u00e1rt\u00f3, who had assumed political oversight of the intelligence service, had ordered a full audit going back several years. The foreign ministry&#8217;s then-administrative state secretary, Csaba Balogh, personally appeared at the IH headquarters, as did Tam\u00e1s Vargha, the newly appointed state secretary responsible for civilian intelligence. He was the one who announced the immediate dismissal of the director-general of the IH and his deputies during a leadership assembly session and also issued the order that everyone must cooperate with the investigation.<\/p>\n<p>However, instead of conducting a general, overarching investigation, the interior ministry task force was actually looking for very specific information. Among other things, they were particularly interested in IH documents related to the economic activities of government-aligned business figures, including certain members of the Orb\u00e1n family.<\/p>\n<p>Special attention was paid to uncover documents related to the former company of the Prime Minister&#8217;s son-in-law, Istv\u00e1n Tiborcz. The company, Elios Zrt, was involved in street lighting and public lighting projects. Previously, under J\u00e1nos L\u00e1z\u00e1r\u2019s supervision, the IH had spied on investigators from the European Union&#8217;s Anti-Fraud Office (OLAF) when they visited Hungary to investigate Elios\u2019s allegedly corrupt tenders.<\/p>\n<p>Ultimately, the interior ministry team did not find what they were looking for, possibly because information collected by the IH in sensitive cases like Elios\u2019s was not officially documented. In any event, according to an intelligence source, the interior ministry team not only failed to locate the most sought-after documents and data, but the IH officers they interrogated remained silent and &#8220;refused to betray their superiors.&#8221;<\/p>\n<p>According to Mikl\u00f3s Ligeti, the legal director of Transparency International Hungary, if these events &#8220;truly unfolded in this way, they cannot fail to constitute crimes, likely multiple ones.&#8221; According to the lawyer, who previously worked at the Ministry of Interior, the surveillance of a foreign authority could theoretically be justifiable. However, if no proper documents emerge during a subsequent internal audit, this clearly indicates illegal activities (as surveillance operations have to be properly carried out with permits, and gathered information must be officially stored, all according to the law.)<\/p>\n<p><a href=\"https:\/\/www.direkt36.hu\/en\/tamogass-minket\/\">Join the Direkt36 supporters&#8217; group and get insight into investigative journalism! Details \u2192<\/a><\/p>\n<p>The episodes of the summer of 2018 clearly demonstrated the serious distrust that had developed between certain powerful government figures during those years. Although the audit was officially ordered by Szijj\u00e1rt\u00f3 and the foreign ministry, the team conducting it mostly consisted of people from various national security agencies overseen by the Ministry of Interior. The interior minister, S\u00e1ndor Pint\u00e9r, had had conflicts with J\u00e1nos L\u00e1z\u00e1r in previous years.<\/p>\n<p>However, according to multiple sources familiar with the events, the operation may have been initiated from Viktor Orb\u00e1n\u2019s inner circle to determine what information the IH had collected about the business activities of the Prime Minister&#8217;s family members. They also wanted to uncover the general activities of the IH under L\u00e1z\u00e1r&#8217;s supervision. Following the review, Viktor Orb\u00e1n personally appeared at the IH, where he sharply criticized the intelligence service&#8217;s work in previous years.<\/p>\n<p>The raid, nearly unprecedented in Hungary&#8217;s post-1989 intelligence history and kept secret until now (along with the political maneuvers behind it and the questionable legality of the surveillance), was revealed by Direkt36 based on interviews with Hungarian national security sources and government politicians familiar with the events.<\/p>\n<p>We sent detailed questions to Viktor Orb\u00e1n&#8217;s spokesperson and to the Hungarian national security bodies and ministries involved \u2014 we contacted J\u00e1nos L\u00e1z\u00e1r through the Ministry of Construction and Transport, which he is currently heading as minister \u2014 but none of them has responded officially. An OLAF spokesperson replied that they could not provide any information on their investigations or security measures.<\/p>\n<h2><strong>L\u00e1z\u00e1r&#8217;s intelligence service<\/strong><\/h2>\n<p>J\u00e1nos L\u00e1z\u00e1r, the most powerful minister in Viktor Orb\u00e1n\u2019s government until 2018, oversaw the Information Office for six years. The office was placed under his supervision in 2012; initially he ran it as a state secretary, but later he became a minister heading the Prime Minister&#8217;s Office (or chief of staff, essentially).<\/p>\n<div id=\"attachment_11663\" style=\"width: 2058px\" class=\"wp-caption aligncenter\"><img loading=\"lazy\" decoding=\"async\" aria-describedby=\"caption-attachment-11663\" class=\"size-full wp-image-11663\" src=\"https:\/\/www.direkt36.hu\/wp-content\/uploads\/2024\/12\/la\u0301za\u0301rja\u0301nos_fb.jpg\" alt=\"\" width=\"2048\" height=\"1366\" srcset=\"https:\/\/www.direkt36.hu\/wp-content\/uploads\/2024\/12\/la\u0301za\u0301rja\u0301nos_fb.jpg 2048w, https:\/\/www.direkt36.hu\/wp-content\/uploads\/2024\/12\/la\u0301za\u0301rja\u0301nos_fb-800x534.jpg 800w, https:\/\/www.direkt36.hu\/wp-content\/uploads\/2024\/12\/la\u0301za\u0301rja\u0301nos_fb-1200x800.jpg 1200w, https:\/\/www.direkt36.hu\/wp-content\/uploads\/2024\/12\/la\u0301za\u0301rja\u0301nos_fb-768x512.jpg 768w, https:\/\/www.direkt36.hu\/wp-content\/uploads\/2024\/12\/la\u0301za\u0301rja\u0301nos_fb-1536x1025.jpg 1536w\" sizes=\"(max-width: 2048px) 100vw, 2048px\" \/><p id=\"caption-attachment-11663\" class=\"wp-caption-text\">J\u00e1nos L\u00e1z\u00e1r oversaw IH before 2018 &#8211; Source: L\u00e1z\u00e1r&#8217;s Facebook page<\/p><\/div>\n<p>The Information Office is a civilian intelligence agency established in 1990 as the legal successor of the Interior Ministry&#8217;s Department III\/I. Its primary task is foreign intelligence \u2014 colloquially known as espionage: acquiring sensitive foreign information to aid the political and economic decision-making of the Hungarian government.<\/p>\n<p>As head of the Prime Minister\u2019s Office, L\u00e1z\u00e1r was also responsible for EU affairs, which impacted the activities of the IH. According to multiple sources familiar with the internal workings of the foreign intelligence service, under L\u00e1z\u00e1r, the IH began to allocate increasingly serious resources to espionage against European Union institutions. Practically an entire department was developed within the IH for this purpose. One of the most common methods was gathering information through Hungarian citizens working within the EU institutional system, either with their cooperation or through their surveillance without their knowledge.<\/p>\n<p>This interest extended to the activities of OLAF, which investigates abuses involving EU funds.<\/p>\n<blockquote><p>&#8220;The IH placed almost every EU delegation visiting Hungary under surveillance, including OLAF missions,\u201d<\/p><\/blockquote>\n<p>claimed a former intelligence officer. The IH became particularly active when this EU body\u2019s investigators arrived in Hungary to probe public lighting projects, many of which were controversially awarded to Elios Zrt, a company then partly owned by Istv\u00e1n Tiborcz.<\/p>\n<p>The OLAF investigators conducted four fact-finding missions to gather information on the tenders financed partially with EU funds. According to a source familiar with the missions, these visits took place on October 7\u20139, 2015; May 23\u201328, 2016; January 9\u201313, 2017; and March 26\u201329, 2017. OLAF investigators of Hungarian nationality participated in these missions, joined by an Italian inspector during the second visit.<\/p>\n<p>&#8220;The OLAF officials, for example, talked extensively on the phone about the Elios case, and these conversations were tapped, which the Information Office then sifted through,&#8221; explained a source familiar with the matter. During their stays in Hungary, the investigators were not only wiretapped but also physically followed as part of IH operations. Secret recordings were made of both their official and private meetings, according to several sources familiar with Hungarian intelligence activities who spoke to Direkt36.<\/p>\n<p>It seems that the Hungarian intelligence operation did not go unnoticed by the EU investigators. They noticed they were being followed and sometimes decided to play games with the surveillance team hounding them. For instance, they would make movements that clearly indicated they were aware of being followed. Reports of the surveillance operatives being exposed even made their way back to IH. In fact, one intelligence officer learned about the spying on OLAF officials only when it became apparent that their surveillance teams had been compromised. Several EU officials confirmed to Direkt36 that reports had also reached Brussels about the physical surveillance and secret wiretapping of not just the OLAF officials conducting investigations in Hungary but other EU bureaucrats as well.<\/p>\n<p>There were multiple instances where EU officials attending meetings in Hungary received conspicuously suspicious questions from their Hungarian counterparts. For example, during official meetings, they were asked what type of mobile phone they used. In one instance, a European official who attended meetings with an old &#8220;dumb phone&#8221; from the 2000s was persistently interrogated by the Hungarians, almost desperately, about whether they had a smartphone and why they hadn\u2019t brought it along. An EU bureaucrat recalled this episode.<\/p>\n<p>These unexpected questions, entirely unrelated to the topics of the meetings, immediately raised suspicions because smartphones can provide much more information through surveillance than older devices that are primarily used for calls and SMS.<\/p>\n<blockquote><p>&#8220;An EU member state should normally be a friendly environment. The system isn\u2019t designed to handle situations where a member state becomes a hostile environment,&#8221;<\/p><\/blockquote>\n<p>an EU official remarked.<\/p>\n<p>OLAF launched its investigation into the public lighting projects involving Elios in early 2015 after Hungarian outlets, including Direkt36, reported irregularities.<a href=\"https:\/\/www.direkt36.hu\/en\/tiborcz-istvan-es-az-elios-innovativ-zrt-sikerei-ledes-kozvilagitasi-kozbeszerzeseken\/\"> Direkt36 uncovered<\/a> how high-value public tenders were tailored to fit Tiborcz&#8217;s former company and published a secretly recorded audio proving that, in at least one instance, there had been prior consultation between Elios and the representatives of a municipality before the tender was announced.<\/p>\n<p>OLAF ultimately concluded that numerous irregularities occurred in the tenders awarded to Elios. The EU body recommended that Hungary be required to repay \u20ac40 million (HUF 13 billion at the time) in EU funding, but the government avoided doing so by covering the amount from the national budget \u2014 using Hungarian taxpayers&#8217; money to pay for the projects.<\/p>\n<p>J\u00e1nos L\u00e1z\u00e1r may have had a personal interest in monitoring this investigation. Elios&#8217;s first major public lighting project was in H\u00f3dmez\u0151v\u00e1s\u00e1rhely, the city where L\u00e1z\u00e1r was mayor at the time. This project provided Elios with the references it later used to win numerous other public lighting tenders. During the OLAF investigation, L\u00e1z\u00e1r and Tiborcz maintained a personal relationship; for instance, in November 2017, <a href=\"https:\/\/444.hu\/2017\/11\/07\/lazar-janossal-egyutt-fotoztak-le-egy-belvarosi-etteremben-tiborcz-istvant\">they were photographed<\/a> dining together in a downtown restaurant.<\/p>\n<p>OLAF did not respond to questions about its investigations or the surveillance of its staff. &#8220;OLAF is legally bound to protect the confidentiality of its investigations, so we cannot discuss any details of the investigations in question,&#8221; the agency&#8217;s spokesperson wrote, adding that they could not comment on their security measures either. We also contacted the Hungarian OLAF inspectors concerned, but they declined to comment.<\/p>\n<h2><strong>The &#8220;White Paper&#8221; Cases<\/strong><\/h2>\n<p>The task force searching for OLAF-related and other surveillance files included members from several national security agencies. These included the Constitution Protection Office (AH, or CPO), responsible for counterintelligence; the Special Service for National Security (NBSZ, or SSNS), handling the technical aspects of surveillance; and the National Protective Service (NVSZ, or NPS), which operates as the internal security arm screening law enforcement agencies. All these services were overseen by interior minister S\u00e1ndor Pint\u00e9r, as were the police units involved in the operation. The Counter-Terrorism Center (TEK), led by Orb\u00e1n&#8217;s former bodyguard and considered the most loyal to the Prime Minister, also participated in the preparation of the raid.<\/p>\n<p>According to a former high-ranking national security officer, one of the leaders of the IH immediately tried to seek help from one of interior minister Pint\u00e9r&#8217;s closest confidants upon being confronted with the raid, hoping that negotiations with him could stop the operation. However, the response to the approach was that they had no influence over the events. (In response to a question from Direkt36, the individual in question denied that an IH leader had contacted them regarding the raid taking place at the agency.)<\/p>\n<p>Another source familiar with the raid\u2019s details suggested that the directive to search the IH likely came not from Pint\u00e9r but from Orb\u00e1n\u2019s inner circle. A third source said the IH headquarters was occupied \u201capparently with Orb\u00e1n&#8217;s approval.\u201d<\/p>\n<div id=\"attachment_11664\" style=\"width: 2058px\" class=\"wp-caption aligncenter\"><img loading=\"lazy\" decoding=\"async\" aria-describedby=\"caption-attachment-11664\" class=\"size-full wp-image-11664\" src=\"https:\/\/www.direkt36.hu\/wp-content\/uploads\/2024\/12\/szijja\u0301rto\u0301_fb.jpg\" alt=\"\" width=\"2048\" height=\"1366\" srcset=\"https:\/\/www.direkt36.hu\/wp-content\/uploads\/2024\/12\/szijja\u0301rto\u0301_fb.jpg 2048w, https:\/\/www.direkt36.hu\/wp-content\/uploads\/2024\/12\/szijja\u0301rto\u0301_fb-800x534.jpg 800w, https:\/\/www.direkt36.hu\/wp-content\/uploads\/2024\/12\/szijja\u0301rto\u0301_fb-1200x800.jpg 1200w, https:\/\/www.direkt36.hu\/wp-content\/uploads\/2024\/12\/szijja\u0301rto\u0301_fb-768x512.jpg 768w, https:\/\/www.direkt36.hu\/wp-content\/uploads\/2024\/12\/szijja\u0301rto\u0301_fb-1536x1025.jpg 1536w\" sizes=\"(max-width: 2048px) 100vw, 2048px\" \/><p id=\"caption-attachment-11664\" class=\"wp-caption-text\">The official explanation for the raid was that P\u00e9ter Szijj\u00e1rt\u00f3 had ordered a due diligence &#8211; Source: the Foreign Minister&#8217;s Facebook page<\/p><\/div>\n<p>The interior ministry task force wasn\u2019t just looking for information about OLAF surveillance; they sought records on any cases where the IH, under L\u00e1z\u00e1r\u2019s leadership, might have gained insight into the activities of domestic political and economic actors.<\/p>\n<blockquote><p>&#8220;It was as if they wanted to double-check what L\u00e1z\u00e1r had been up to while overseeing the IH,&#8221;<\/p><\/blockquote>\n<p>said a former intelligence officer still in contact with current officials. Another former officer suggested the unprecedented action against the IH was also due to suspicions that sensitive information had been collected without the Prime Minister\u2019s knowledge.<\/p>\n<p>Despite their efforts, sources familiar with the 2018 raid said the interior ministry task force found very little of what they were seeking. Even though they occupied the intelligence agency\u2019s building for weeks and conducted thorough searches, they came up empty-handed.<\/p>\n<blockquote><p>\u201cThey read through every file and took many things out\u2026 They checked everything,\u201d<\/p><\/blockquote>\n<p>said an intelligence source. For example, NBSZ staff in the task force were charged with extracting potentially deleted data from computers and other electronic devices. They also attempted to break into the IH&#8217;s secure internal communication phone system (Secfone), copy the server, and decrypt past communications \u2014 all unsuccessfully.<\/p>\n<p>The lack of findings wasn\u2019t primarily due to extremely good security measures and encryption. &#8220;The IH knew not to document everything,&#8221; said a former intelligence officer. Another source familiar with the raid said the information on OLAF surveillance was part of so-called &#8220;white paper&#8221; cases.<\/p>\n<p>In Hungarian secret service jargon, a &#8220;white paper&#8221; means that surveillance findings are summarized for political leadership not in an official, registered, and headed document but in an unofficial document outside the regular filing system.<\/p>\n<blockquote><p>&#8220;It was no secret within the IH that there were white paper cases; it was standard practice,&#8221;<\/p><\/blockquote>\n<p>said a former officer.<\/p>\n<p>Sources well-acquainted with Hungarian intelligence services disagreed on when &#8220;white paper&#8221; use became common. A veteran former officer said that from the early 2010s, the names of important government-aligned figures began to be omitted from officially registered surveillance records if they were linked to sensitive matters. Instead, the uncensored version would be delivered to supervising politicians on unheaded white paper.<\/p>\n<p>According to Mikl\u00f3s Ligeti of Transparency International Hungary, such practices suggest various criminal offenses.<\/p>\n<blockquote><p>&#8220;If there was no authorization for the surveillance, it raises suspicions of unauthorized data acquisition or secret use of covert means. If there was authorization but documents were later destroyed, it suggests public record forgery. And those approving such actions could be guilty of abuse of office,&#8221;<\/p><\/blockquote>\n<p>Ligeti explained.<\/p>\n<p>None of the sources were aware of any criminal reports being filed over missing records, nor of anyone being held accountable. The IH\u2019s former leaders are in diplomatic service to this day: Istv\u00e1n P\u00e1sztor is currently consul general in New York; Csaba Demcs\u00e1k is ambassador in Zagreb; and G\u00e1bor Diczh\u00e1zi is ambassador in Ramallah. After a four-year absence, J\u00e1nos L\u00e1z\u00e1r evidently regained Orb\u00e1n&#8217;s trust and has been serving as Minister for Construction and Transport since 2022.<\/p>\n<p>In the fall of 2018, one of Szijj\u00e1rt\u00f3\u2019s closest aides explained the dismissal of the three intelligence chiefs to Direkt36 by stating they had failed to hand over certain documents.<\/p>\n<blockquote><p>&#8220;When we asked them to show specific materials about their previous work, they couldn\u2019t do it. So they were fired,&#8221;<\/p><\/blockquote>\n<p>a foreign ministry official said, though the official didn\u2019t mention the raid at the time.<\/p>\n<p>Ligeti also raised the suspicion that the agencies conducting the IH review and raiding its premises may themselves have broken the law if no criminal proceedings were initiated over the irregularities they uncovered. &#8220;If a state official becomes aware of suspected crimes at the IH through their position and fails to initiate proceedings, it also raises suspicions of abuse of office,&#8221; Ligeti said.<\/p>\n<p>Sources familiar with the raid confirmed no criminal reports were filed, and prosecutors were not involved in the audit. Direkt36 queried all involved parties about whether any criminal reports had been filed but received no reply.<\/p>\n<h2><strong>Orb\u00e1n&#8217;s Centralized Intelligence<\/strong><\/h2>\n<p>Even before the 2018 raid at the IH, Orb\u00e1n signaled significant changes aimed at giving him, as Prime Minister, direct oversight of intelligence activities.<\/p>\n<blockquote><p>&#8220;There will also be a unified intelligence center here, which will allow Hungary to conduct better information and intelligence activities in this intense international competition,&#8221;<\/p><\/blockquote>\n<p>Orb\u00e1n announced in a May 2018 radio interview. This institutional change routed all intelligence information directly to the Prime Minister through the newly established National Information Secretariat (NI\u00c1T) within the Prime Minister\u2019s Office.<\/p>\n<p>After the weeks-long audit of the intelligence agency in the summer of 2018, the Prime Minister personally visited the agency&#8217;s headquarters on Budakeszi Road in the fall. There, in the IH\u2019s so-called theater room, he held a closed briefing for the leadership. &#8220;He gave a tough, critical speech. The essence of it was that the IH had not been doing what it should have, was completely off track, and needed to return to the correct course,&#8221; said a source familiar with the details of the audit. In the fall of 2018, Orb\u00e1n also appointed his trusted longtime foreign policy and national security advisor, J\u00f3zsef Czukor, as director-general of the IH (Czukor had already previously led the IH in the early 2000s.)<\/p>\n<p><a href=\"https:\/\/www.direkt36.hu\/en\/tamogass-minket\/\">Join the Direkt36 supporters&#8217; group and get insight into investigative journalism! Details \u2192<\/a><br \/>\nThe centralization continued in 2022, when civilian intelligence agencies were removed from the Ministry of Interior and Ministry of Foreign Affairs and Trade and placed under the Prime Minister\u2019s Cabinet Office led by minister Antal Rog\u00e1n (the current strongest minister of Orb\u00e1n\u2019s government who is also in charge or propaganda activities.) A National Information Center (NIK), dubbed as a \u201csuper intelligence agency\u201d, was also established under the Prime Minister\u2019s Cabinet Office to channel all intelligence data into one place. In the spring of 2024, Orb\u00e1n appointed Marcell B\u00edr\u00f3 as a new national security advisor with expanded powers.<\/p>\n<p>This is not the first instance in which Direkt36 uncovered surveillance activities suggesting unlawful practices. In 2021, as part of the international Pegasus Project, Direkt36 revealed that from 2018, the <a href=\"https:\/\/www.direkt36.hu\/leleplezodott-egy-durva-izraeli-kemfegyver-az-orban-kormany-kritikusait-es-magyar-ujsagirokat-is-celba-vettek-vele\/\">Hungarian state targeted and surveilled journalists<\/a>, lawyers, opposition politicians, and officials using the Pegasus spyware.<\/p>\n<p><em>Cover picture: Somogyi P\u00e9ter (szarvas) \/ Telex<\/em><\/p>","protected":false},"excerpt":{"rendered":"<p>Direkt36 has revealed that during J\u00e1nos L\u00e1z\u00e1r&#8217;s administration, the Information Office was monitoring OLAF staff investigating suspicious projects linked to the son-in-law of Viktor Orb\u00e1n. They tried to find these documents when people from other services invaded the office&#8217;s headquarters in the summer of 2018.<\/p>\n","protected":false},"author":23,"featured_media":11656,"comment_status":"closed","ping_status":"closed","sticky":false,"template":"single-telex.php","format":"standard","meta":{"footnotes":""},"categories":[6],"tags":[92,753,752,754,254,315,329],"ppma_author":[549,522],"aioseo_notices":[],"fimg_url":["https:\/\/www.direkt36.hu\/wp-content\/uploads\/2024\/12\/ih2.jpg",2250,1500,false],"authors":[{"term_id":549,"user_id":23,"is_guest":0,"slug":"szabolcs","display_name":"Szabolcs Panyi","avatar_url":{"url":"https:\/\/www.direkt36.hu\/wp-content\/uploads\/2023\/10\/Panyi-Szabolcs.png","url2x":"https:\/\/www.direkt36.hu\/wp-content\/uploads\/2023\/10\/Panyi-Szabolcs.png"},"author_category":"","user_url":"","last_name":"Panyi","first_name":"Szabolcs","job_title":"","description":"[:hu]Az ELTE magyar nyelv \u00e9s irodalom szak\u00e1n diplom\u00e1zott. 2013 \u00e9s 2018 k\u00f6z\u00f6tt az Index.hu politika rovat\u00e1nak volt szerkeszt\u0151je \u00e9s \u00fajs\u00e1g\u00edr\u00f3ja. 2017-18-ban Fulbright-\u00f6szt\u00f6nd\u00edjjal az Arizona State University-n tanult oknyomoz\u00f3 \u00fajs\u00e1g\u00edr\u00e1st. 2018 \u0151sz\u00e9n csatlakozott a Direkt36-hoz, ahol f\u0151k\u00e9nt nemzetbiztons\u00e1gi \u00e9s k\u00fclpolitikai vonatkoz\u00e1s\u00fa t\u00f6rt\u00e9neteken dolgozik. Mellette a vars\u00f3i k\u00f6zpont\u00fa VSquare.org visegr\u00e1di r\u00e9gi\u00f3s t\u00e9nyfelt\u00e1r\u00f3 \u00fajs\u00e1g\u00edr\u00f3i platform egyik alap\u00edt\u00f3ja, 2023-t\u00f3l a k\u00f6z\u00e9p-eur\u00f3pai oknyomoz\u00e1sok vezet\u0151je. N\u00e9gyszer nyert Min\u0151s\u00e9gi \u00fajs\u00e1g\u00edr\u00e1s\u00e9rt d\u00edjat \u00e9s szint\u00e9n n\u00e9gyszer Transparency-Soma-d\u00edjat, 2018-ban \u00e9s 2021-ben pedig az Eur\u00f3pai Sajt\u00f3 D\u00edj d\u00f6nt\u0151se volt.[:en]Szabolcs graduated from E\u00f6tv\u00f6s Lor\u00e1nd University where he studied Hungarian language and literature. Between 2013 and 2018, he was an editor and political reporter at Index.hu. At Arizona State University, he studied investigative journalism on a Fulbright Fellowship in 2017-2018. In the fall of 2018, he joined Direkt36, where he mainly works on stories related to national security and foreign policy. Meanwhile, he helped launch VSquare.org, a Warsaw-based cross-border investigative journalism initiative for the Visegr\u00e1d region, where he is currently leading the Central Eastern European investigations. He received the Quality Journalism Award and the Transparency-Soma Award four times each, and he was also shortlisted for the European Press Prize in 2018 and 2021.[:]"},{"term_id":522,"user_id":19,"is_guest":0,"slug":"andraspetho","display_name":"Andr\u00e1s Peth\u0151","avatar_url":{"url":"https:\/\/www.direkt36.hu\/wp-content\/uploads\/2023\/10\/Petho-Andras.png","url2x":"https:\/\/www.direkt36.hu\/wp-content\/uploads\/2023\/10\/Petho-Andras.png"},"author_category":"","user_url":"","last_name":"Peth\u0151","first_name":"Andr\u00e1s","job_title":"","description":"[:hu]Andr\u00e1s a Direkt36 egyik alap\u00edt\u00f3ja, szerkeszt\u0151je \u00e9s \u00fcgyvezet\u0151 igazgat\u00f3ja. Kor\u00e1bban az Origo vezet\u0151 szerkeszt\u0151je volt, miel\u0151tt a port\u00e1l r\u00e9sze lett a korm\u00e1ny propagandag\u00e9pezet\u00e9nek. Andr\u00e1s dolgozott a BBC World Service-n\u00e9l Londonban \u00e9s a Washington Post t\u00e9nyfelt\u00e1r\u00f3 rovat\u00e1n\u00e1l is. R\u00e9szt vett sz\u00e1mos nagy nemzetk\u00f6zi nyomoz\u00f3 projektben, k\u00f6zt\u00fck a Panama-iratok feldolgoz\u00e1s\u00e1ban. K\u00e9tszer is elnyerte a legjobbnak \u00edt\u00e9lt t\u00e9nyfelt\u00e1r\u00f3 cikkek szerz\u0151inek j\u00e1r\u00f3 Soma-d\u00edjat. T\u00f6bbsz\u00f6r tanult \u00f6szt\u00f6nd\u00edjjal az Egyes\u00fclt \u00c1llamokban: 2008-ban a World Press Institute programj\u00e1ban, 2012-13-ban Humphrey-\u00f6szt\u00f6nd\u00edjask\u00e9nt a Marylandi Egyetemen, 2019-20-ban pedig Nieman-\u00f6szt\u00f6nd\u00edjask\u00e9nt a Harvard Egyetemen. Andr\u00e1s t\u00f6bb magyar egyetemen is tan\u00edtott \u00fajs\u00e1g\u00edr\u00f3 kurzusokat.[:en]Andr\u00e1s is a co-founder, editor and executive director of Direkt36. Previously, he was a senior editor for leading Hungarian news site Origo before it had been transformed into the government\u2019s propaganda outlet. He also worked for the BBC World Service in London and was a reporter at the investigative unit of The Washington Post. He has contributed to several international reporting projects, including The Panama Papers. He twice won the Soma Prize, the prestigious annual award dedicated to investigative journalism in Hungary. He was a World Press Institute fellow in 2008, a Humphrey fellow at the University of Maryland in 2012\/13, and a Nieman fellow at Harvard University in 2019\/20. Andr\u00e1s has taught journalism courses at Hungarian universities.[:]"}],"tag_names":[{"name":"Elios","slug":"elios"},{"name":"Inform\u00e1ci\u00f3s Hivatal","slug":"informacios-hivatal"},{"name":"L\u00e1z\u00e1r J\u00e1nos","slug":"lazar-janos"},{"name":"megfigyel\u00e9s","slug":"megfigyeles"},{"name":"OLAF","slug":"olaf"},{"name":"P\u00e9ter Szijj\u00e1rt\u00f3","slug":"szijjarto-peter"},{"name":"Istv\u00e1n Tiborcz","slug":"tiborcz-istvan"}],"category_names":[{"name":"The Businesses of Orb\u00e1n's Family","slug":"az-orban-csalad-uzletei"}],"_links":{"self":[{"href":"https:\/\/www.direkt36.hu\/en\/wp-json\/wp\/v2\/posts\/11653"}],"collection":[{"href":"https:\/\/www.direkt36.hu\/en\/wp-json\/wp\/v2\/posts"}],"about":[{"href":"https:\/\/www.direkt36.hu\/en\/wp-json\/wp\/v2\/types\/post"}],"author":[{"embeddable":true,"href":"https:\/\/www.direkt36.hu\/en\/wp-json\/wp\/v2\/users\/23"}],"replies":[{"embeddable":true,"href":"https:\/\/www.direkt36.hu\/en\/wp-json\/wp\/v2\/comments?post=11653"}],"version-history":[{"count":9,"href":"https:\/\/www.direkt36.hu\/en\/wp-json\/wp\/v2\/posts\/11653\/revisions"}],"predecessor-version":[{"id":11672,"href":"https:\/\/www.direkt36.hu\/en\/wp-json\/wp\/v2\/posts\/11653\/revisions\/11672"}],"wp:featuredmedia":[{"embeddable":true,"href":"https:\/\/www.direkt36.hu\/en\/wp-json\/wp\/v2\/media\/11656"}],"wp:attachment":[{"href":"https:\/\/www.direkt36.hu\/en\/wp-json\/wp\/v2\/media?parent=11653"}],"wp:term":[{"taxonomy":"category","embeddable":true,"href":"https:\/\/www.direkt36.hu\/en\/wp-json\/wp\/v2\/categories?post=11653"},{"taxonomy":"post_tag","embeddable":true,"href":"https:\/\/www.direkt36.hu\/en\/wp-json\/wp\/v2\/tags?post=11653"},{"taxonomy":"author","embeddable":true,"href":"https:\/\/www.direkt36.hu\/en\/wp-json\/wp\/v2\/ppma_author?post=11653"}],"curies":[{"name":"wp","href":"https:\/\/api.w.org\/{rel}","templated":true}]}}