{"id":11806,"date":"2025-02-19T09:45:37","date_gmt":"2025-02-19T08:45:37","guid":{"rendered":"https:\/\/www.direkt36.hu\/?p=11806"},"modified":"2025-02-19T09:45:37","modified_gmt":"2025-02-19T08:45:37","slug":"igy-keszult-az-orban-csalad-gazdagodasarol-szolo-filmunk-podcast","status":"publish","type":"post","link":"https:\/\/www.direkt36.hu\/en\/igy-keszult-az-orban-csalad-gazdagodasarol-szolo-filmunk-podcast\/","title":{"rendered":"(Magyar) \u00cdgy k\u00e9sz\u00fclt az Orb\u00e1n csal\u00e1d gazdagod\u00e1s\u00e1r\u00f3l sz\u00f3l\u00f3 film\u00fcnk \u2013 podcast"},"content":{"rendered":"<p class=\"qtranxs-available-languages-message qtranxs-available-languages-message-en\">Sorry, this entry is only available in <a href=\"https:\/\/www.direkt36.hu\/hu\/wp-json\/wp\/v2\/posts\/11806\" class=\"qtranxs-available-language-link qtranxs-available-language-link-hu\" title=\"Magyar\">Hungarian<\/a>.<\/p><p><em>Az ad\u00e1s el\u00e9rhet\u0151 <a href=\"https:\/\/soundcloud.com\/user-352142716\/direkt36-podcast-101-igy-keszult-az-orban-csalad-gazdagodasarol-szolo-filmunk\">Soundcloudon<\/a>, <a href=\"https:\/\/open.spotify.com\/episode\/4QthIqjwYjnW490k4vdDQk?si=48ecb675a6c342b6\">Spotify-on<\/a> \u00e9s <a href=\"https:\/\/youtu.be\/BafEvxNrQNI?si=zrG493gncBivjU3l\">Youtube-on<\/a>.<\/em><\/p>\n<p>A Telex sz\u00e1m\u00edt\u00e1sai szerint minden id\u0151k legn\u00e9zettebb magyar nyelv\u0171 politikai tartalm\u00e1v\u00e1 v\u00e1lt a Youtube-on a Direkt36 dokumentumfilmje, az Orb\u00e1n Viktor minisztereln\u00f6k csal\u00e1dj\u00e1nak meggazdagod\u00e1s\u00e1r\u00f3l sz\u00f3l\u00f3 <a href=\"https:\/\/www.direkt36.hu\/a-dinasztia-itt-a-direkt36-filmje-az-orban-csalad-gazdasagi-birodalmarol\/\">A dinasztia<\/a>. A film febru\u00e1r 18-\u00e1n m\u00e1r 2,9 milli\u00f3 megtekint\u00e9sn\u00e9l j\u00e1rt a vide\u00f3megoszt\u00f3 oldalon, ezzel lek\u00f6r\u00f6zte az eddigi cs\u00facstart\u00f3 tartalmat, a Partiz\u00e1n tavaly febru\u00e1rban k\u00e9sz\u00edtett Magyar P\u00e9ter-interj\u00faj\u00e1t.<\/p>\n<p>Az ad\u00e1s felv\u00e9telekor, febru\u00e1r 11-\u00e9n, mind\u00f6ssze n\u00e9gy nappal a film megjelen\u00e9se ut\u00e1n m\u00e1r t\u00f6bb mint k\u00e9tmilli\u00f3szor kattintottak a filmre. Leg\u00fajabb podcastunkban h\u00e1rom alkot\u00f3val \u2013 a Direkt36-t\u00f3l Marton Kamill\u00e1val \u00e9s Peth\u0151 Andr\u00e1ssal, valamint a film t\u00e1rsrendez\u0151j\u00e9vel, B\u00edr\u00f3 B\u00e1linttal \u2013 besz\u00e9lgett\u00fcnk a film fogadtat\u00e1s\u00e1r\u00f3l \u00e9s a k\u00e9sz\u00edt\u00e9s\u00e9nek kulisszatitkair\u00f3l.<\/p>\n<h2>Seg\u00edtett a k\u00e9retlen korm\u00e1nyzati kamp\u00e1ny<\/h2>\n<p>\u201eA k\u00e9tmilli\u00f3t \u00e9n nem l\u00e1ttam j\u00f6nni\u201d \u2013 mondta Peth\u0151 Andr\u00e1s a n\u00e9h\u00e1ny nap alatt \u00f6sszej\u00f6tt n\u00e9zetts\u00e9gr\u0151l. Szerinte a magyar korm\u00e1ny is hozz\u00e1j\u00e1rult a megn\u00f6vekedett \u00e9rdekl\u0151d\u00e9shez, mert m\u00e1r a film megjelen\u00e9se el\u0151tt hiteltelen\u00edteni pr\u00f3b\u00e1lta, egyebek mellett azt a val\u00f3tlans\u00e1got \u00e1ll\u00edtva, hogy az egy ukr\u00e1n titkosszolg\u00e1lati akci\u00f3 r\u00e9sze.<\/p>\n<p>Ezeket a h\u00edresztel\u00e9seket a Direkt36 c\u00e1folta, \u00e9s ahogy az\u00f3ta a Telex cikk\u00e9b\u0151l az is <a href=\"https:\/\/telex.hu\/belfold\/2025\/02\/13\/orban-viktor-propaganda-valosag-titkosszolgalati-akcio-ukraja-nemzetbiztonsag\">kider\u00fclt<\/a>, a fideszes politikusok \u00e1ltal hivatkozott parlamenti nemzetbiztons\u00e1gi bizotts\u00e1gi \u00fcl\u00e9sen a titkosszolg\u00e1latok munkat\u00e1rsai sem besz\u00e9ltek arr\u00f3l, hogy nemzetk\u00f6zi \u00f6sszeesk\u00fcv\u00e9sben vesz r\u00e9szt a Direkt36, s\u0151t, a szerkeszt\u0151s\u00e9g sz\u00f3ba sem ker\u00fclt az \u00fcl\u00e9sen.<\/p>\n<p>Marton Kamilla szerint a felfokozott \u00e9rdekl\u0151d\u00e9s oka els\u0151sorban az, hogy Magyarorsz\u00e1gon sokakat \u00e9rdekel, mit tesz a minisztereln\u00f6k.<\/p>\n<blockquote><p>\u201eBemutattuk azt, hogyan \u00e9p\u00edtett\u00e9k fel az eg\u00e9sz rendszert, leg\u00e1lisan hogyan szereztek meg \u00e9p\u00fcleteket, amiket m\u00e1s nem biztos, hogy meg tudott volna piaci alapon\u201d<\/p><\/blockquote>\n<p>\u2013 mondta a Direkt36 \u00fajs\u00e1g\u00edr\u00f3ja.<\/p>\n<h2>Hogyan jutott be Sz\u00e9chenyi Bence a Botaniqba?<\/h2>\n<p>A film egyik leger\u0151sebb jelenete, ahogy az amerikai-magyar \u00fajs\u00e1g\u00edr\u00f3, Sz\u00e9chenyi Bence rejtett kamer\u00e1val felszerelkezve bejut egy felv\u00e9teli besz\u00e9lget\u00e9sre Tiborcz Istv\u00e1n budai z\u00e1rt k\u00f6r\u0171 klubj\u00e1ba, a Botaniqba.<\/p>\n<p>Az alkot\u00f3k elmondt\u00e1k, a k\u00e9mkamera \u00f6tlet\u00e9t Marton Kamilla vetette fel, az eszk\u00f6zt pedig a t\u00e1rsrendez\u0151, B\u00edr\u00f3 B\u00e1lint \u00e1ll\u00edtotta \u00f6ssze.<\/p>\n<p>\u201eBark\u00e1csprojekt volt ez alapvet\u0151en, amihez kicsit szab\u00f3nak \u00e9s fr\u00f6ccs\u00f6nt\u0151nek is kellett lenni. Az tetszik benne k\u00fcl\u00f6n\u00f6sen, hogy nagyon olcs\u00f3 alkatr\u00e9szekb\u0151l lett \u00f6sszerakva\u201d \u2013 mondta a t\u00e1rsrendez\u0151.<\/p>\n<p>Marton Kamilla szerint Sz\u00e9chenyi Bence nem kis r\u00e9szben a neve miatt juthatott be a priv\u00e1t klubba. \u00dagy l\u00e1tja, Tiborcz\u00e9kat vonzotta a lehet\u0151s\u00e9g, hogy a k\u00f6reikben tudhatj\u00e1k a reformkor legnagyobb alakj\u00e1nak, gr\u00f3f Sz\u00e9chenyi Istv\u00e1n csal\u00e1dj\u00e1nak a lesz\u00e1rmazottj\u00e1t.<\/p>\n<p>\u201e\u0150k <em>(Tiborcz\u00e9k \u2013 a szerk.)<\/em> akarnak az az ember lenni, aki Bence. \u0150 igazi arisztokrata csal\u00e1db\u00f3l sz\u00e1rmaz\u00f3 ember.<\/p>\n<blockquote><p>El sem tudt\u00e1k szerintem k\u00e9pzelni, hogy nem a rongyr\u00e1z\u00e1s viszi a klubba, hanem egy szakma\u201d<\/p><\/blockquote>\n<p>\u2013 mondta Marton.<\/p>\n<p>Ezeken k\u00edv\u00fcl az ad\u00e1sban sz\u00f3ba ker\u00fclt, mi\u00e9rt nem volt szerepe Magyar P\u00e9ter megjelen\u00e9s\u00e9nek a film elk\u00e9sz\u00fclt\u00e9ben; mi\u00e9rt \u00e9pp filmen akart\u00e1k az alkot\u00f3k elmondani ezt a t\u00f6rt\u00e9netet \u00e9s arr\u00f3l is, mit tapasztaltak az alkot\u00f3k, amikor bejutottak Tiborcz Istv\u00e1n egyik kast\u00e9ly\u00e1ba.<\/p>\n<div class=\"epyt-video-wrapper\"><div  id=\"_ytid_48738\"  width=\"800\" height=\"450\"  data-origwidth=\"800\" data-origheight=\"450\"  data-relstop=\"1\" data-facadesrc=\"https:\/\/www.youtube.com\/embed\/bZ4SXv9qJHM?enablejsapi=1&autoplay=0&cc_load_policy=0&cc_lang_pref=&iv_load_policy=1&loop=0&rel=0&fs=1&playsinline=0&autohide=2&theme=dark&color=red&controls=1&\" class=\"__youtube_prefs__ epyt-facade no-lazyload\" data-epautoplay=\"1\" ><img decoding=\"async\" data-spai-excluded=\"true\" class=\"epyt-facade-poster skip-lazy\" loading=\"lazy\"  alt=\"YouTube player\"  src=\"https:\/\/i.ytimg.com\/vi\/bZ4SXv9qJHM\/maxresdefault.jpg\"  \/><button class=\"epyt-facade-play\" aria-label=\"Play\"><svg data-no-lazy=\"1\" height=\"100%\" version=\"1.1\" viewBox=\"0 0 68 48\" width=\"100%\"><path class=\"ytp-large-play-button-bg\" d=\"M66.52,7.74c-0.78-2.93-2.49-5.41-5.42-6.19C55.79,.13,34,0,34,0S12.21,.13,6.9,1.55 C3.97,2.33,2.27,4.81,1.48,7.74C0.06,13.05,0,24,0,24s0.06,10.95,1.48,16.26c0.78,2.93,2.49,5.41,5.42,6.19 C12.21,47.87,34,48,34,48s21.79-0.13,27.1-1.55c2.93-0.78,4.64-3.26,5.42-6.19C67.94,34.95,68,24,68,24S67.94,13.05,66.52,7.74z\" fill=\"#f00\"><\/path><path d=\"M 45,24 27,14 27,34\" fill=\"#fff\"><\/path><\/svg><\/button><\/div><\/div>\n<p><em>Az ad\u00e1s el\u00e9rhet\u0151 <a href=\"https:\/\/soundcloud.com\/user-352142716\/direkt36-podcast-101-igy-keszult-az-orban-csalad-gazdagodasarol-szolo-filmunk\">Soundcloudon<\/a>, <a href=\"https:\/\/open.spotify.com\/episode\/4QthIqjwYjnW490k4vdDQk?si=48ecb675a6c342b6\">Spotify-on<\/a> \u00e9s <a href=\"https:\/\/youtu.be\/BafEvxNrQNI?si=zrG493gncBivjU3l\">Youtube-on<\/a>.<\/em><\/p>\n<p><em>A bor\u00edt\u00f3k\u00e9pen balr\u00f3l jobbra: Marton Kamilla, Peth\u0151 Andr\u00e1s, B\u00edr\u00f3 B\u00e1lint \u00e9s Galavits Patrik<\/em><\/p>\n<p><em>Grafika: Tilos R\u00e1di\u00f3<\/em><\/p>","protected":false},"excerpt":{"rendered":"<p class=\"qtranxs-available-languages-message qtranxs-available-languages-message-en\">Sorry, this entry is only available in <a href=\"https:\/\/www.direkt36.hu\/hu\/wp-json\/wp\/v2\/posts\/11806\" class=\"qtranxs-available-language-link qtranxs-available-language-link-hu\" title=\"Magyar\">Hungarian<\/a>.<\/p>\n<p>Mi\u00e9rt \u00e9pp ezt a t\u00f6rt\u00e9netet akartuk filmre vinni? Milyen neh\u00e9zs\u00e9get okozott, hogy bor\u00edt\u00e9kolhat\u00f3 volt, Tiborcz Istv\u00e1n\u00e9k nem fognak le\u00fclni a kamer\u00e1ink el\u00e9 interj\u00fat adni? Kinek az \u00f6tlete volt k\u00e9mkamer\u00e1val bek\u00fcldeni Sz\u00e9chenyi Benc\u00e9t a Botaniqba? A dinasztia h\u00e1rom alkot\u00f3ja podcastban besz\u00e9l a dokumentumfilm\u00fcnk h\u00e1tter\u00e9r\u0151l.<\/p>\n","protected":false},"author":29,"featured_media":11815,"comment_status":"closed","ping_status":"closed","sticky":false,"template":"","format":"standard","meta":{"footnotes":""},"categories":[23],"tags":[765,768,766,82,767,748,259,762,279,329],"ppma_author":[545],"aioseo_notices":[],"fimg_url":["https:\/\/www.direkt36.hu\/wp-content\/uploads\/2025\/02\/podcast_tilos_kep_d36_grafika.jpg",1080,810,false],"authors":[{"term_id":545,"user_id":29,"is_guest":0,"slug":"patrik","display_name":"Patrik Galavits","avatar_url":{"url":"https:\/\/www.direkt36.hu\/wp-content\/uploads\/2023\/10\/Galavits-Patrik.png","url2x":"https:\/\/www.direkt36.hu\/wp-content\/uploads\/2023\/10\/Galavits-Patrik.png"},"author_category":"","user_url":"","last_name":"Galavits","first_name":"Patrik","job_title":"","description":"[:hu]Az NKE-n szerzett igazgat\u00e1sszervez\u0151 \u00e9s nemzetk\u00f6zi igazgat\u00e1si diplom\u00e1val el\u0151bb multikn\u00e1l dolgozott, innen v\u00e1ltott az \u00fajs\u00e1g\u00edr\u00e1sra. Volt riporter \u00e9s m\u0171sorvezet\u0151 a Klubr\u00e1di\u00f3n\u00e1l, podcastot k\u00e9sz\u00edtett \u00e9s cikkeket \u00edrt az Azonnali.hu-n\u00e1l, majd a Forbes Magyarorsz\u00e1g munkat\u00e1rsak\u00e9nt dolgozott. 2019-ben \u00f6szt\u00f6nd\u00edjjal k\u00e9t h\u00f3napot a nyugat-n\u00e9metorsz\u00e1gi k\u00f6zszolg\u00e1lati m\u00e9di\u00e1n\u00e1l, a WDR-n\u00e9l t\u00f6lt\u00f6tt, 2022-ben az Egyes\u00fclt \u00c1llamok k\u00fcl\u00fcgyminiszt\u00e9riuma \u00e1ltal szervezett program, az IVLP r\u00e9sztvev\u0151je volt. T\u00f6bbsz\u00f6r jel\u00f6lt\u00e9k Min\u0151s\u00e9gi \u00dajs\u00e1g\u00edr\u00e1s\u00e9rt-d\u00edjra, 2021-ben az egykori balettint\u00e9zeti vissza\u00e9l\u00e9seket \u00e9s zaklat\u00e1sokat felt\u00e1r\u00f3 cikksorozat\u00e1\u00e9rt Transparency-Soma-d\u00edjra.[:en]Patrik graduated in Public and International Administration from the National University of Public Service. He started out as a private sector employee at multinational corporations before he ventured into journalism. He became a reporter and radio show host at Klubr\u00e1di\u00f3, then he produced a podcast and wrote articles at Azonnali.hu. Most recently he worked at Forbes Hungary. In 2019, he won a grant at WDR, a public broadcaster based in Germany. In 2022, he took part in an International Visitor Leadership Program for journalists, organized by the United States Department of State. He has been nominated for the Quality Journalism Award multiple times. His investigative article series involving abuses and sexual harassment at the Hungarian Dance Academy earned him a nomination for the Transparency Soma Award in 2021.[:]"}],"tag_names":[{"name":"a dinasztia","slug":"a-dinasztia"},{"name":"b\u00edr\u00f3 b\u00e1lint","slug":"biro-balint"},{"name":"botaniq","slug":"botaniq"},{"name":"direkt36","slug":"direkt36"},{"name":"marton kamilla","slug":"marton-kamilla"},{"name":"Orb\u00e1n R\u00e1hel","slug":"orban-rahel"},{"name":"Viktor Orb\u00e1n","slug":"orban-viktor"},{"name":"peth\u0151 andr\u00e1s","slug":"petho-andras"},{"name":"Podcast","slug":"podcast"},{"name":"Istv\u00e1n Tiborcz","slug":"tiborcz-istvan"}],"category_names":[{"name":"Podcast","slug":"podcast"}],"_links":{"self":[{"href":"https:\/\/www.direkt36.hu\/en\/wp-json\/wp\/v2\/posts\/11806"}],"collection":[{"href":"https:\/\/www.direkt36.hu\/en\/wp-json\/wp\/v2\/posts"}],"about":[{"href":"https:\/\/www.direkt36.hu\/en\/wp-json\/wp\/v2\/types\/post"}],"author":[{"embeddable":true,"href":"https:\/\/www.direkt36.hu\/en\/wp-json\/wp\/v2\/users\/29"}],"replies":[{"embeddable":true,"href":"https:\/\/www.direkt36.hu\/en\/wp-json\/wp\/v2\/comments?post=11806"}],"version-history":[{"count":0,"href":"https:\/\/www.direkt36.hu\/en\/wp-json\/wp\/v2\/posts\/11806\/revisions"}],"wp:featuredmedia":[{"embeddable":true,"href":"https:\/\/www.direkt36.hu\/en\/wp-json\/wp\/v2\/media\/11815"}],"wp:attachment":[{"href":"https:\/\/www.direkt36.hu\/en\/wp-json\/wp\/v2\/media?parent=11806"}],"wp:term":[{"taxonomy":"category","embeddable":true,"href":"https:\/\/www.direkt36.hu\/en\/wp-json\/wp\/v2\/categories?post=11806"},{"taxonomy":"post_tag","embeddable":true,"href":"https:\/\/www.direkt36.hu\/en\/wp-json\/wp\/v2\/tags?post=11806"},{"taxonomy":"author","embeddable":true,"href":"https:\/\/www.direkt36.hu\/en\/wp-json\/wp\/v2\/ppma_author?post=11806"}],"curies":[{"name":"wp","href":"https:\/\/api.w.org\/{rel}","templated":true}]}}