{"id":12023,"date":"2025-04-22T10:47:27","date_gmt":"2025-04-22T08:47:27","guid":{"rendered":"https:\/\/www.direkt36.hu\/?p=12023"},"modified":"2025-04-22T10:47:27","modified_gmt":"2025-04-22T08:47:27","slug":"direkt36-podcast-elmaradt-a-repulorajt-es-trump-sem-segit-a-magyar-kormanyon","status":"publish","type":"post","link":"https:\/\/www.direkt36.hu\/en\/direkt36-podcast-elmaradt-a-repulorajt-es-trump-sem-segit-a-magyar-kormanyon\/","title":{"rendered":"(Magyar) Direkt36 podcast \u2013 Elmaradt a rep\u00fcl\u0151rajt, \u00e9s Trump sem seg\u00edt a magyar korm\u00e1nyon"},"content":{"rendered":"<p class=\"qtranxs-available-languages-message qtranxs-available-languages-message-en\">Sorry, this entry is only available in <a href=\"https:\/\/www.direkt36.hu\/hu\/wp-json\/wp\/v2\/posts\/12023\" class=\"qtranxs-available-language-link qtranxs-available-language-link-hu\" title=\"Magyar\">Hungarian<\/a>.<\/p><p><em>Az ad\u00e1s meghallgathat\u00f3 <a href=\"https:\/\/soundcloud.com\/user-352142716\/direkt36-podcast-108-elmaradt-a-repulorajt-es-trump-sem-segit-a-magyar-kormanyon\">Soundcloudon<\/a>, <a href=\"https:\/\/open.spotify.com\/episode\/4WbEGYrFP45UQXm5L65xkE?si=0bd0885601cf4d5d\">Spotify-on<\/a> \u00e9s <a href=\"https:\/\/www.youtube.com\/watch?v=O2pbIVQt5cI\">Youtube-on<\/a>.<\/em><\/p>\n<p>Orb\u00e1n Viktor minisztereln\u00f6k rep\u00fcl\u0151rajtot \u00edg\u00e9rt 2025-re a magyar gazdas\u00e1gnak. A friss adatok azonban magas infl\u00e1ci\u00f3r\u00f3l, jelent\u0151sen visszaesett ipari termel\u00e9sr\u0151l \u00e9s \u00e9p\u00edt\u0151ipari beruh\u00e1z\u00e1sokr\u00f3l, az \u00e1llamh\u00e1ztart\u00e1si hi\u00e1ny elsz\u00e1ll\u00e1s\u00e1r\u00f3l sz\u00f3lnak, \u00e9s Nagy M\u00e1rton nemzetgazdas\u00e1gi miniszternek is m\u00f3dos\u00edtania kellett a t\u00fal optimist\u00e1nak bizonyult GDP-n\u00f6veked\u00e9si v\u00e1rakoz\u00e1s\u00e1n.<\/p>\n<blockquote><p>\u201eNem az Nagy M\u00e1rton hib\u00e1ja, hogy politikai kommunik\u00e1ci\u00f3t folytat. Ez a dolga. A hib\u00e1ja az, hogy ezt n\u00e9ha maga is elhiszi, \u00e9s ennek megfelel\u0151en hib\u00e1s gazdas\u00e1gi d\u00f6nt\u00e9seket hoz\u201d<\/p><\/blockquote>\n<p>\u2013 mondta Kir\u00e1ly J\u00falia a Direkt36 podcastj\u00e1ban a nemzetgazdas\u00e1gi miniszter nem megval\u00f3sul\u00f3 j\u00f3slatair\u00f3l.<\/p>\n<p>Az MNB kor\u00e1bbi aleln\u00f6ke szerint abban, hogy az S&amp;P nemzetk\u00f6zi hitelmin\u0151s\u00edt\u0151 stabilr\u00f3l negat\u00edvra rontotta Magyarorsz\u00e1g ad\u00f3sbesorol\u00e1s\u00e1nak kil\u00e1t\u00e1s\u00e1t, az is szerepet j\u00e1tszik, hogy a piacok a Tisza er\u0151s\u00f6d\u00e9s\u00e9vel kev\u00e9sb\u00e9 l\u00e1tj\u00e1k stabilnak a magyarorsz\u00e1gi politikai helyzetet.<\/p>\n<p>Mindek\u00f6zben a tengerent\u00falon Donald Trump amerikai eln\u00f6k v\u00e1mh\u00e1bor\u00fat hirdetett, amib\u0151l r\u00e9szben visszat\u00e1ncolt, \u00e9s egyre nehezebben k\u00f6vethet\u0151, mi a c\u00e9lja a vil\u00e1gkereskedelem l\u00e1bon l\u00f6v\u00e9s\u00e9vel. Az azonban biztos, hogy Magyarorsz\u00e1gra is hat\u00e1ssal van Trump hazard\u00edroz\u00e1sa, \u00e9s a magyar korm\u00e1ny \u00e1ltal \u00edg\u00e9rt, amerikaikkal megk\u00f6tend\u0151 szerz\u0151d\u00e9sekkel sem lesz beljebb a magyar gazdas\u00e1g.<\/p>\n<p>Szab\u00f3 Bal\u00e1zs szerint legal\u00e1bbis nem \u00e9rdemes azzal sz\u00e1molni, hogy a probl\u00e9m\u00e1kra gy\u00f3gy\u00edrt jelenthetnek a Donald Trumppal megk\u00f6t\u00f6tt alkuk.<\/p>\n<blockquote><p>\u201eOlyat, ami pozit\u00edvan hatna a magyar makrogazdas\u00e1gra, nem tudok elk\u00e9pzelni. B\u00e1rmi m\u00e1st, amit el lehet adni, hogy itt felvir\u00e1goztak a kapcsolatok, ink\u00e1bb. Sokszor egy f\u00e9nyk\u00e9p el\u00e9g\u201d<\/p><\/blockquote>\n<p>\u2013 mondta Szab\u00f3 a lehets\u00e9ges magyar-amerikai gazdas\u00e1gi szerz\u0151d\u00e9sekr\u0151l, utalva arra, hogy a meg\u00e1llapod\u00e1sokat v\u00e1rhat\u00f3an megpr\u00f3b\u00e1lj\u00e1k majd hatalmas sikerk\u00e9nt kommunik\u00e1lni, de gyakorlati hat\u00e1suk kev\u00e9s lesz.<\/p>\n<p><em>Az ad\u00e1s meghallgathat\u00f3 <a href=\"https:\/\/soundcloud.com\/user-352142716\/direkt36-podcast-108-elmaradt-a-repulorajt-es-trump-sem-segit-a-magyar-kormanyon\">Soundcloudon<\/a>, <a href=\"https:\/\/open.spotify.com\/episode\/4WbEGYrFP45UQXm5L65xkE?si=0bd0885601cf4d5d\">Spotify-on<\/a> \u00e9s <a href=\"https:\/\/www.youtube.com\/watch?v=O2pbIVQt5cI\">Youtube-on<\/a>.<\/em><\/p>\n<p>Bor\u00edt\u00f3k\u00e9p: Nagy M\u00e1rton \/ Facebook<\/p>\n<p>Grafika: Direkt36<\/p>","protected":false},"excerpt":{"rendered":"<p class=\"qtranxs-available-languages-message qtranxs-available-languages-message-en\">Sorry, this entry is only available in <a href=\"https:\/\/www.direkt36.hu\/hu\/wp-json\/wp\/v2\/posts\/12023\" class=\"qtranxs-available-language-link qtranxs-available-language-link-hu\" title=\"Magyar\">Hungarian<\/a>.<\/p>\n<p>A piacok m\u00e1r elkezdt\u00e9k \u00e1razni a Fidesz gyeng\u00fcl\u00e9s\u00e9t, az amerikaikkal pedig lehet \u00fczletet k\u00f6tni, de annak hat\u00e1sa eleny\u00e9sz\u0151 lesz. Podcastunkban Kir\u00e1ly J\u00falia volt MNB-aleln\u00f6kkel \u00e9s Szab\u00f3 Bal\u00e1zzsal, a HOLD Alapkezel\u0151 vez\u00e9rigazgat\u00f3j\u00e1val besz\u00e9lgett\u00fcnk a magyar \u00e9s a vil\u00e1ggazdas\u00e1g kil\u00e1t\u00e1sair\u00f3l.<\/p>\n","protected":false},"author":29,"featured_media":12024,"comment_status":"closed","ping_status":"closed","sticky":false,"template":"","format":"standard","meta":{"footnotes":""},"categories":[23],"tags":[86,719,783,211,722,259,782,279,784,339,785],"ppma_author":[545],"aioseo_notices":[],"fimg_url":["https:\/\/www.direkt36.hu\/wp-content\/uploads\/2025\/04\/OV-Nagy-Varga_YT-still.png",1280,720,false],"authors":[{"term_id":545,"user_id":29,"is_guest":0,"slug":"patrik","display_name":"Patrik Galavits","avatar_url":{"url":"https:\/\/www.direkt36.hu\/wp-content\/uploads\/2023\/10\/Galavits-Patrik.png","url2x":"https:\/\/www.direkt36.hu\/wp-content\/uploads\/2023\/10\/Galavits-Patrik.png"},"author_category":"","user_url":"","last_name":"Galavits","first_name":"Patrik","job_title":"","description":"[:hu]Az NKE-n szerzett igazgat\u00e1sszervez\u0151 \u00e9s nemzetk\u00f6zi igazgat\u00e1si diplom\u00e1val el\u0151bb multikn\u00e1l dolgozott, innen v\u00e1ltott az \u00fajs\u00e1g\u00edr\u00e1sra. Volt riporter \u00e9s m\u0171sorvezet\u0151 a Klubr\u00e1di\u00f3n\u00e1l, podcastot k\u00e9sz\u00edtett \u00e9s cikkeket \u00edrt az Azonnali.hu-n\u00e1l, majd a Forbes Magyarorsz\u00e1g munkat\u00e1rsak\u00e9nt dolgozott. 2019-ben \u00f6szt\u00f6nd\u00edjjal k\u00e9t h\u00f3napot a nyugat-n\u00e9metorsz\u00e1gi k\u00f6zszolg\u00e1lati m\u00e9di\u00e1n\u00e1l, a WDR-n\u00e9l t\u00f6lt\u00f6tt, 2022-ben az Egyes\u00fclt \u00c1llamok k\u00fcl\u00fcgyminiszt\u00e9riuma \u00e1ltal szervezett program, az IVLP r\u00e9sztvev\u0151je volt. T\u00f6bbsz\u00f6r jel\u00f6lt\u00e9k Min\u0151s\u00e9gi \u00dajs\u00e1g\u00edr\u00e1s\u00e9rt-d\u00edjra, 2021-ben az egykori balettint\u00e9zeti vissza\u00e9l\u00e9seket \u00e9s zaklat\u00e1sokat felt\u00e1r\u00f3 cikksorozat\u00e1\u00e9rt Transparency-Soma-d\u00edjra.[:en]Patrik graduated in Public and International Administration from the National University of Public Service. He started out as a private sector employee at multinational corporations before he ventured into journalism. He became a reporter and radio show host at Klubr\u00e1di\u00f3, then he produced a podcast and wrote articles at Azonnali.hu. Most recently he worked at Forbes Hungary. In 2019, he won a grant at WDR, a public broadcaster based in Germany. In 2022, he took part in an International Visitor Leadership Program for journalists, organized by the United States Department of State. He has been nominated for the Quality Journalism Award multiple times. His investigative article series involving abuses and sexual harassment at the Hungarian Dance Academy earned him a nomination for the Transparency Soma Award in 2021.[:]"}],"tag_names":[{"name":"donald trump","slug":"donald-trump"},{"name":"gazdas\u00e1g","slug":"gazdasag"},{"name":"kir\u00e1ly j\u00falia","slug":"kiraly-julia"},{"name":"Hungary","slug":"magyarorszag"},{"name":"nagy m\u00e1rton","slug":"nagy-marton"},{"name":"Viktor Orb\u00e1n","slug":"orban-viktor"},{"name":"piacok","slug":"piacok"},{"name":"Podcast","slug":"podcast"},{"name":"szab\u00f3 bal\u00e1zs","slug":"szabo-balazs"},{"name":"usa","slug":"usa"},{"name":"v\u00e1mh\u00e1bor\u00fa","slug":"vamhaboru"}],"category_names":[{"name":"Podcast","slug":"podcast"}],"_links":{"self":[{"href":"https:\/\/www.direkt36.hu\/en\/wp-json\/wp\/v2\/posts\/12023"}],"collection":[{"href":"https:\/\/www.direkt36.hu\/en\/wp-json\/wp\/v2\/posts"}],"about":[{"href":"https:\/\/www.direkt36.hu\/en\/wp-json\/wp\/v2\/types\/post"}],"author":[{"embeddable":true,"href":"https:\/\/www.direkt36.hu\/en\/wp-json\/wp\/v2\/users\/29"}],"replies":[{"embeddable":true,"href":"https:\/\/www.direkt36.hu\/en\/wp-json\/wp\/v2\/comments?post=12023"}],"version-history":[{"count":0,"href":"https:\/\/www.direkt36.hu\/en\/wp-json\/wp\/v2\/posts\/12023\/revisions"}],"wp:featuredmedia":[{"embeddable":true,"href":"https:\/\/www.direkt36.hu\/en\/wp-json\/wp\/v2\/media\/12024"}],"wp:attachment":[{"href":"https:\/\/www.direkt36.hu\/en\/wp-json\/wp\/v2\/media?parent=12023"}],"wp:term":[{"taxonomy":"category","embeddable":true,"href":"https:\/\/www.direkt36.hu\/en\/wp-json\/wp\/v2\/categories?post=12023"},{"taxonomy":"post_tag","embeddable":true,"href":"https:\/\/www.direkt36.hu\/en\/wp-json\/wp\/v2\/tags?post=12023"},{"taxonomy":"author","embeddable":true,"href":"https:\/\/www.direkt36.hu\/en\/wp-json\/wp\/v2\/ppma_author?post=12023"}],"curies":[{"name":"wp","href":"https:\/\/api.w.org\/{rel}","templated":true}]}}