{"id":12136,"date":"2025-05-29T12:00:43","date_gmt":"2025-05-29T10:00:43","guid":{"rendered":"https:\/\/www.direkt36.hu\/?p=12136"},"modified":"2025-05-29T12:00:43","modified_gmt":"2025-05-29T10:00:43","slug":"gubicza-agoston-egy-kevesbe-ismert-fidesz-kozeli-uzletember-ugyei-podcast","status":"publish","type":"post","link":"https:\/\/www.direkt36.hu\/en\/gubicza-agoston-egy-kevesbe-ismert-fidesz-kozeli-uzletember-ugyei-podcast\/","title":{"rendered":"(Magyar) Gubicza \u00c1goston: egy kev\u00e9sb\u00e9 ismert Fidesz-k\u00f6zeli \u00fczletember \u00fcgyei \u2013 podcast"},"content":{"rendered":"<p class=\"qtranxs-available-languages-message qtranxs-available-languages-message-en\">Sorry, this entry is only available in <a href=\"https:\/\/www.direkt36.hu\/hu\/wp-json\/wp\/v2\/posts\/12136\" class=\"qtranxs-available-language-link qtranxs-available-language-link-hu\" title=\"Magyar\">Hungarian<\/a>.<\/p><p>Luxusaut\u00f3k b\u00e9rl\u00e9s\u00e9r\u0151l \u00e9s kedvez\u0151 k\u00f6lcs\u00f6n\u00f6kr\u0151l \u00e1rulkodnak az ad\u00f3fizet\u0151i p\u00e9nzb\u0151l kit\u00f6m\u00f6tt c\u00e9gt\u0151l kisziv\u00e1rgott iratok \u2013 ezzel a c\u00edmmel jelent meg T\u00e1rk\u00e1nyi Fl\u00f3ra, Peth\u0151 Andr\u00e1s \u00e9s Sz\u0151ke D\u00e1niel <a href=\"https:\/\/www.direkt36.hu\/luxusautok-berleserol-es-kedvezo-kolcsonokrol-arulkodnak-az-adofizetoi-penzbol-kitomott-cegtol-kiszivargott-iratok\/\">cikke m\u00falt h\u00e9ten<\/a>.<\/p>\n<p>A cikk egy kev\u00e9sb\u00e9 ismert Fidesz-k\u00f6zeli \u00fczletember, Gubicza \u00c1goston \u00e9s c\u00e9ge, a GB &amp; Partners alapkezel\u0151 sztorij\u00e1t mutatja be, illetve azt, hogy mire k\u00f6lti a c\u00e9g a hozz\u00e1juk ker\u00fcl\u0151 p\u00e9nzeket. A Direkt36-hoz olyan dokumentumok jutottak el, amelyekb\u0151l az der\u00fclt ki, hogy az alapkezel\u0151 t\u00f6bb esetben ny\u00fajtott nagy \u00e9rt\u00e9k\u0171, ak\u00e1r kamatmentes hiteleket a tulajdonosainak, illetve luxusaut\u00f3k b\u00e9rl\u00e9s\u00e9t is tervezt\u00e9k.<\/p>\n<p>Leg\u00fajabb podcastunkban a Gubicz\u00e1val nyolc \u00e9vvel ezel\u0151tt m\u00e1r foglalkoz\u00f3 Szab\u00f3 Andr\u00e1s arr\u00f3l besz\u00e9lt, mik\u00e9pp hozott az \u00fczletembernek \u00e1tt\u00f6r\u00e9st egy uni\u00f3s t\u00e1mogat\u00e1si rendszer, <a href=\"https:\/\/www.direkt36.hu\/husz-eve-legyeskedik-a-fidesz-korul-mara-allami-milliardok-ura-lett\/\">a Jeremie program<\/a>. A mostani cikkben t\u00e1rsszerz\u0151 T\u00e1rk\u00e1nyi Fl\u00f3ra pedig a megszerzett dokumentumokb\u00f3l kider\u00fcl\u0151 r\u00e9szleteket osztotta meg. Arr\u00f3l is besz\u00e9lgett\u00fcnk, mi a probl\u00e9ma a Gubicz\u00e1\u00e9hoz hasonl\u00f3 alapkezel\u0151k m\u0171k\u00f6d\u00e9s\u00e9vel.<\/p>\n<p><em>Az ad\u00e1s meghallgathat\u00f3 <a href=\"https:\/\/soundcloud.com\/user-352142716\/direkt36-podcast-112-gubicza-agoston-egy-kevesbe-ismert-fidesz-kozeli-uzletember-ugyei\">Soundcloudon<\/a>, <a href=\"https:\/\/open.spotify.com\/episode\/6vYSiET9hLoyoVX7ggJWyV?si=920e933992cf447e\">Spotify-on<\/a> \u00e9s <a href=\"https:\/\/www.youtube.com\/watch?v=7fWb5gHbk9c&amp;t=37s\">Youtube-on<\/a>.<\/em><\/p>\n<p><em>Bor\u00edt\u00f3k\u00e9p: Direkt36<\/em><\/p>","protected":false},"excerpt":{"rendered":"<p class=\"qtranxs-available-languages-message qtranxs-available-languages-message-en\">Sorry, this entry is only available in <a href=\"https:\/\/www.direkt36.hu\/hu\/wp-json\/wp\/v2\/posts\/12136\" class=\"qtranxs-available-language-link qtranxs-available-language-link-hu\" title=\"Magyar\">Hungarian<\/a>.<\/p>\n<p>Az \u00e9rdekelts\u00e9g\u00e9be tartoz\u00f3 alapkezel\u0151 hol nagyon kedvezm\u00e9nyes hitelt ny\u00fajt, hol luxusaut\u00f3k b\u00e9rl\u00e9s\u00e9t tervezi. A Fidesz-k\u00f6zeli \u00fczletemberr\u0151l, Gubicza \u00c1gostonr\u00f3l besz\u00e9lgett\u00fcnk leg\u00fajabb podcastunkban.<\/p>\n","protected":false},"author":29,"featured_media":12137,"comment_status":"closed","ping_status":"closed","sticky":false,"template":"","format":"standard","meta":{"footnotes":""},"categories":[23],"tags":[807,797,810,279,809,808],"ppma_author":[545],"aioseo_notices":[],"fimg_url":["https:\/\/www.direkt36.hu\/wp-content\/uploads\/2025\/05\/Podcast-YT-indexkep_gubicza.jpg",1280,720,false],"authors":[{"term_id":545,"user_id":29,"is_guest":0,"slug":"patrik","display_name":"Patrik Galavits","avatar_url":{"url":"https:\/\/www.direkt36.hu\/wp-content\/uploads\/2023\/10\/Galavits-Patrik.png","url2x":"https:\/\/www.direkt36.hu\/wp-content\/uploads\/2023\/10\/Galavits-Patrik.png"},"author_category":"","user_url":"","last_name":"Galavits","first_name":"Patrik","job_title":"","description":"[:hu]Az NKE-n szerzett igazgat\u00e1sszervez\u0151 \u00e9s nemzetk\u00f6zi igazgat\u00e1si diplom\u00e1val el\u0151bb multikn\u00e1l dolgozott, innen v\u00e1ltott az \u00fajs\u00e1g\u00edr\u00e1sra. Volt riporter \u00e9s m\u0171sorvezet\u0151 a Klubr\u00e1di\u00f3n\u00e1l, podcastot k\u00e9sz\u00edtett \u00e9s cikkeket \u00edrt az Azonnali.hu-n\u00e1l, majd a Forbes Magyarorsz\u00e1g munkat\u00e1rsak\u00e9nt dolgozott. 2019-ben \u00f6szt\u00f6nd\u00edjjal k\u00e9t h\u00f3napot a nyugat-n\u00e9metorsz\u00e1gi k\u00f6zszolg\u00e1lati m\u00e9di\u00e1n\u00e1l, a WDR-n\u00e9l t\u00f6lt\u00f6tt, 2022-ben az Egyes\u00fclt \u00c1llamok k\u00fcl\u00fcgyminiszt\u00e9riuma \u00e1ltal szervezett program, az IVLP r\u00e9sztvev\u0151je volt. T\u00f6bbsz\u00f6r jel\u00f6lt\u00e9k Min\u0151s\u00e9gi \u00dajs\u00e1g\u00edr\u00e1s\u00e9rt-d\u00edjra, 2021-ben az egykori balettint\u00e9zeti vissza\u00e9l\u00e9seket \u00e9s zaklat\u00e1sokat felt\u00e1r\u00f3 cikksorozat\u00e1\u00e9rt Transparency-Soma-d\u00edjra.[:en]Patrik graduated in Public and International Administration from the National University of Public Service. He started out as a private sector employee at multinational corporations before he ventured into journalism. He became a reporter and radio show host at Klubr\u00e1di\u00f3, then he produced a podcast and wrote articles at Azonnali.hu. Most recently he worked at Forbes Hungary. In 2019, he won a grant at WDR, a public broadcaster based in Germany. In 2022, he took part in an International Visitor Leadership Program for journalists, organized by the United States Department of State. He has been nominated for the Quality Journalism Award multiple times. His investigative article series involving abuses and sexual harassment at the Hungarian Dance Academy earned him a nomination for the Transparency Soma Award in 2021.[:]"}],"tag_names":[{"name":"gb&amp;partners","slug":"gbpartners"},{"name":"Gubicza \u00c1goston","slug":"gubicza-agoston"},{"name":"jeremie alapok","slug":"jeremie-alapok"},{"name":"Podcast","slug":"podcast"},{"name":"szab\u00f3 andr\u00e1s","slug":"szabo-andras"},{"name":"t\u00e1rk\u00e1nyi fl\u00f3ra","slug":"tarkanyi-flora"}],"category_names":[{"name":"Podcast","slug":"podcast"}],"_links":{"self":[{"href":"https:\/\/www.direkt36.hu\/en\/wp-json\/wp\/v2\/posts\/12136"}],"collection":[{"href":"https:\/\/www.direkt36.hu\/en\/wp-json\/wp\/v2\/posts"}],"about":[{"href":"https:\/\/www.direkt36.hu\/en\/wp-json\/wp\/v2\/types\/post"}],"author":[{"embeddable":true,"href":"https:\/\/www.direkt36.hu\/en\/wp-json\/wp\/v2\/users\/29"}],"replies":[{"embeddable":true,"href":"https:\/\/www.direkt36.hu\/en\/wp-json\/wp\/v2\/comments?post=12136"}],"version-history":[{"count":0,"href":"https:\/\/www.direkt36.hu\/en\/wp-json\/wp\/v2\/posts\/12136\/revisions"}],"wp:featuredmedia":[{"embeddable":true,"href":"https:\/\/www.direkt36.hu\/en\/wp-json\/wp\/v2\/media\/12137"}],"wp:attachment":[{"href":"https:\/\/www.direkt36.hu\/en\/wp-json\/wp\/v2\/media?parent=12136"}],"wp:term":[{"taxonomy":"category","embeddable":true,"href":"https:\/\/www.direkt36.hu\/en\/wp-json\/wp\/v2\/categories?post=12136"},{"taxonomy":"post_tag","embeddable":true,"href":"https:\/\/www.direkt36.hu\/en\/wp-json\/wp\/v2\/tags?post=12136"},{"taxonomy":"author","embeddable":true,"href":"https:\/\/www.direkt36.hu\/en\/wp-json\/wp\/v2\/ppma_author?post=12136"}],"curies":[{"name":"wp","href":"https:\/\/api.w.org\/{rel}","templated":true}]}}