{"id":12186,"date":"2025-06-06T13:38:07","date_gmt":"2025-06-06T11:38:07","guid":{"rendered":"https:\/\/www.direkt36.hu\/?p=12186"},"modified":"2025-06-06T13:38:07","modified_gmt":"2025-06-06T11:38:07","slug":"hogyan-tesznek-keresztbe-az-amerikai-szankciok-paks-ii-nek-podcast","status":"publish","type":"post","link":"https:\/\/www.direkt36.hu\/en\/hogyan-tesznek-keresztbe-az-amerikai-szankciok-paks-ii-nek-podcast\/","title":{"rendered":"(Magyar) Hogyan tesznek keresztbe az amerikai szankci\u00f3k Paks II-nek? \u2013 podcast"},"content":{"rendered":"<p class=\"qtranxs-available-languages-message qtranxs-available-languages-message-en\">Sorry, this entry is only available in <a href=\"https:\/\/www.direkt36.hu\/hu\/wp-json\/wp\/v2\/posts\/12186\" class=\"qtranxs-available-language-link qtranxs-available-language-link-hu\" title=\"Magyar\">Hungarian<\/a>.<\/p><p>Paks II meg\u00e9p\u00edt\u00e9s\u00e9t 2014-ben jelentette be a magyar korm\u00e1ny, de a projekt finoman sz\u00f3lva sem halad z\u00f6kken\u0151mentesen. A k\u00e9sleked\u00e9s nem kis r\u00e9szben a kivitelez\u0151 Roszatomnak r\u00f3hat\u00f3 fel, de a Direkt36 leg\u00fajabb cikk\u00e9ben felt\u00e1rta, hogy az Egyes\u00fclt \u00c1llamok \u00e1ltal kivetett szankci\u00f3k is akad\u00e1lyozz\u00e1k az \u00faj magyar atomer\u0151m\u0171 meg\u00e9p\u00fcl\u00e9s\u00e9t.<\/p>\n<p>Szab\u00f3 Andr\u00e1s <a href=\"https:\/\/www.direkt36.hu\/igy-roppantottak-meg-paks-ii-t-az-amerikai-szankciok\/\">cikke szerint<\/a> hi\u00e1ba lobbiztak eddig Orb\u00e1n Viktor\u00e9k a Trump-adminisztr\u00e1ci\u00f3n\u00e1l, tov\u00e1bbra is \u00e9rv\u00e9nyben van a paksi b\u0151v\u00edt\u00e9sben kulcsszerepet j\u00e1tsz\u00f3 orosz bank elleni szankci\u00f3. Emiatt l\u00e9nyeg\u00e9ben le\u00e1lltak a projekttel kapcsolatos kifizet\u00e9sek.<\/p>\n<p>A cikk szerz\u0151j\u00e9vel az amerikai szankci\u00f3k okozta neh\u00e9zs\u00e9gek mellett arr\u00f3l besz\u00e9lgett\u00fcnk, hogy az elm\u00falt t\u00f6bb mint t\u00edz \u00e9vben milyen esem\u00e9nyek nehez\u00edtett\u00e9k Paks II megval\u00f3sul\u00e1s\u00e1t. Sz\u00f3ba ker\u00fclt az is, hogy amikor lehet\u0151s\u00e9g volt r\u00e1, Orb\u00e1n Viktor mi\u00e9rt mondott nemet az oroszok kiszor\u00edt\u00e1s\u00e1ra a projektb\u0151l.<\/p>\n<p><em>A podcast meghallgathat\u00f3 <a href=\"https:\/\/soundcloud.com\/user-352142716\/sc_paks_2_mixdown\">Soundcloudon<\/a>, <a href=\"https:\/\/open.spotify.com\/episode\/4h3saifa7dLfIylWDQLZ9C?si=1a53c14b8f364387\">Spotify-on<\/a> \u00e9s <a href=\"https:\/\/www.youtube.com\/watch?v=Q9UZU0tVvww\">Youtube<\/a>-on.<\/em><\/p>\n<p><em>A bor\u00edt\u00f3k\u00e9p forr\u00e1sa: Paks II Atomer\u0151m\u0171 Zrt. \/ Facebook<\/em><\/p>","protected":false},"excerpt":{"rendered":"<p class=\"qtranxs-available-languages-message qtranxs-available-languages-message-en\">Sorry, this entry is only available in <a href=\"https:\/\/www.direkt36.hu\/hu\/wp-json\/wp\/v2\/posts\/12186\" class=\"qtranxs-available-language-link qtranxs-available-language-link-hu\" title=\"Magyar\">Hungarian<\/a>.<\/p>\n<p>Paks II \u00fcgy\u00e9ben a Trump-korm\u00e1nyzatt\u00f3l seg\u00edts\u00e9gre sz\u00e1m\u00edtott a magyar f\u00e9l. Egyel\u0151re azonban az oroszok elleni szankci\u00f3k ugyan\u00fagy akad\u00e1lyozz\u00e1k az atomer\u0151m\u0171 meg\u00e9p\u00edt\u00e9s\u00e9t, mint Joe Biden eln\u00f6ks\u00e9gekor. Podcastban besz\u00e9lget\u00fcnk \u00faj cikk\u00fcnk r\u00e9szleteir\u0151l.<\/p>\n","protected":false},"author":29,"featured_media":12187,"comment_status":"closed","ping_status":"closed","sticky":false,"template":"","format":"standard","meta":{"footnotes":""},"categories":[23],"tags":[86,811,689,259,813,279,294,809,315],"ppma_author":[545],"aioseo_notices":[],"fimg_url":["https:\/\/www.direkt36.hu\/wp-content\/uploads\/2025\/06\/Podcast-YT-indexkep.jpg",1280,720,false],"authors":[{"term_id":545,"user_id":29,"is_guest":0,"slug":"patrik","display_name":"Patrik Galavits","avatar_url":{"url":"https:\/\/www.direkt36.hu\/wp-content\/uploads\/2023\/10\/Galavits-Patrik.png","url2x":"https:\/\/www.direkt36.hu\/wp-content\/uploads\/2023\/10\/Galavits-Patrik.png"},"author_category":"","user_url":"","last_name":"Galavits","first_name":"Patrik","job_title":"","description":"[:hu]Az NKE-n szerzett igazgat\u00e1sszervez\u0151 \u00e9s nemzetk\u00f6zi igazgat\u00e1si diplom\u00e1val el\u0151bb multikn\u00e1l dolgozott, innen v\u00e1ltott az \u00fajs\u00e1g\u00edr\u00e1sra. Volt riporter \u00e9s m\u0171sorvezet\u0151 a Klubr\u00e1di\u00f3n\u00e1l, podcastot k\u00e9sz\u00edtett \u00e9s cikkeket \u00edrt az Azonnali.hu-n\u00e1l, majd a Forbes Magyarorsz\u00e1g munkat\u00e1rsak\u00e9nt dolgozott. 2019-ben \u00f6szt\u00f6nd\u00edjjal k\u00e9t h\u00f3napot a nyugat-n\u00e9metorsz\u00e1gi k\u00f6zszolg\u00e1lati m\u00e9di\u00e1n\u00e1l, a WDR-n\u00e9l t\u00f6lt\u00f6tt, 2022-ben az Egyes\u00fclt \u00c1llamok k\u00fcl\u00fcgyminiszt\u00e9riuma \u00e1ltal szervezett program, az IVLP r\u00e9sztvev\u0151je volt. T\u00f6bbsz\u00f6r jel\u00f6lt\u00e9k Min\u0151s\u00e9gi \u00dajs\u00e1g\u00edr\u00e1s\u00e9rt-d\u00edjra, 2021-ben az egykori balettint\u00e9zeti vissza\u00e9l\u00e9seket \u00e9s zaklat\u00e1sokat felt\u00e1r\u00f3 cikksorozat\u00e1\u00e9rt Transparency-Soma-d\u00edjra.[:en]Patrik graduated in Public and International Administration from the National University of Public Service. He started out as a private sector employee at multinational corporations before he ventured into journalism. He became a reporter and radio show host at Klubr\u00e1di\u00f3, then he produced a podcast and wrote articles at Azonnali.hu. Most recently he worked at Forbes Hungary. In 2019, he won a grant at WDR, a public broadcaster based in Germany. In 2022, he took part in an International Visitor Leadership Program for journalists, organized by the United States Department of State. He has been nominated for the Quality Journalism Award multiple times. His investigative article series involving abuses and sexual harassment at the Hungarian Dance Academy earned him a nomination for the Transparency Soma Award in 2021.[:]"}],"tag_names":[{"name":"donald trump","slug":"donald-trump"},{"name":"Gazprombank","slug":"gazprombank"},{"name":"joe biden","slug":"joe-biden"},{"name":"Viktor Orb\u00e1n","slug":"orban-viktor"},{"name":"paks II","slug":"paks-ii"},{"name":"Podcast","slug":"podcast"},{"name":"Rosatom","slug":"roszatom"},{"name":"szab\u00f3 andr\u00e1s","slug":"szabo-andras"},{"name":"P\u00e9ter Szijj\u00e1rt\u00f3","slug":"szijjarto-peter"}],"category_names":[{"name":"Podcast","slug":"podcast"}],"_links":{"self":[{"href":"https:\/\/www.direkt36.hu\/en\/wp-json\/wp\/v2\/posts\/12186"}],"collection":[{"href":"https:\/\/www.direkt36.hu\/en\/wp-json\/wp\/v2\/posts"}],"about":[{"href":"https:\/\/www.direkt36.hu\/en\/wp-json\/wp\/v2\/types\/post"}],"author":[{"embeddable":true,"href":"https:\/\/www.direkt36.hu\/en\/wp-json\/wp\/v2\/users\/29"}],"replies":[{"embeddable":true,"href":"https:\/\/www.direkt36.hu\/en\/wp-json\/wp\/v2\/comments?post=12186"}],"version-history":[{"count":0,"href":"https:\/\/www.direkt36.hu\/en\/wp-json\/wp\/v2\/posts\/12186\/revisions"}],"wp:featuredmedia":[{"embeddable":true,"href":"https:\/\/www.direkt36.hu\/en\/wp-json\/wp\/v2\/media\/12187"}],"wp:attachment":[{"href":"https:\/\/www.direkt36.hu\/en\/wp-json\/wp\/v2\/media?parent=12186"}],"wp:term":[{"taxonomy":"category","embeddable":true,"href":"https:\/\/www.direkt36.hu\/en\/wp-json\/wp\/v2\/categories?post=12186"},{"taxonomy":"post_tag","embeddable":true,"href":"https:\/\/www.direkt36.hu\/en\/wp-json\/wp\/v2\/tags?post=12186"},{"taxonomy":"author","embeddable":true,"href":"https:\/\/www.direkt36.hu\/en\/wp-json\/wp\/v2\/ppma_author?post=12186"}],"curies":[{"name":"wp","href":"https:\/\/api.w.org\/{rel}","templated":true}]}}