{"id":12258,"date":"2025-06-23T11:24:26","date_gmt":"2025-06-23T09:24:26","guid":{"rendered":"https:\/\/www.direkt36.hu\/?p=12258"},"modified":"2025-06-23T11:35:15","modified_gmt":"2025-06-23T09:35:15","slug":"igy-derult-feny-a-fideszes-propagandista-orosz-kapcsolataira-podcast","status":"publish","type":"post","link":"https:\/\/www.direkt36.hu\/en\/igy-derult-feny-a-fideszes-propagandista-orosz-kapcsolataira-podcast\/","title":{"rendered":"(Magyar) \u00cdgy der\u00fclt f\u00e9ny a fideszes propagandista orosz kapcsolataira \u2013 podcast"},"content":{"rendered":"<p class=\"qtranxs-available-languages-message qtranxs-available-languages-message-en\">Sorry, this entry is only available in <a href=\"https:\/\/www.direkt36.hu\/hu\/wp-json\/wp\/v2\/posts\/12258\" class=\"qtranxs-available-language-link qtranxs-available-language-link-hu\" title=\"Magyar\">Hungarian<\/a>.<\/p><p>A Fidesz sz\u00e1mos besz\u00e9l\u0151 fej\u00e9n, propagandist\u00e1j\u00e1n kereszt\u00fcl sulykolja az \u00fczeneteit. Azt is megszokhattuk, hogy a korm\u00e1nyp\u00e1rti nyilv\u00e1noss\u00e1gban az oroszokkal bar\u00e1ts\u00e1gosabb hangv\u00e9tel\u0171 anyagok jelennek meg, Volodimir Zelenszkij ukr\u00e1n eln\u00f6k\u00f6t pedig \u2013 ahogy maga a korm\u00e1ny is \u2013 megvetend\u0151 figurak\u00e9nt \u00e1br\u00e1zolj\u00e1k.<\/p>\n<p>Ennek a korm\u00e1nyzati, oroszp\u00e1rti univerzumnak a k\u00e9pvisel\u0151je Georg Sp\u00f6ttle, aki biztons\u00e1gpolitikai szak\u00e9rt\u0151k\u00e9nt fut a propagand\u00e1ban. R\u00f3la sz\u00f3l Panyi Szabolcs j\u00fanius 12-\u00e9n <a href=\"https:\/\/www.direkt36.hu\/fideszes-propagandista-orosz-titkosszolgalati-kapcsolatai-buktak-ki-egy-nemzetbiztonsagi-ellenorzesen\/\">megjelent cikke<\/a>.<\/p>\n<p>Panyi Szabolccsal a cikk\u00e9r\u0151l \u00e9s Georg Sp\u00f6ttl\u00e9r\u0151l besz\u00e9lgett\u00fcnk. A fideszes propagandist\u00e1r\u00f3l, akinek a gondolatait bevall\u00e1sa szerint Szijj\u00e1rt\u00f3 P\u00e9ter k\u00fclgazdas\u00e1gi \u00e9s k\u00fcl\u00fcgyminiszter is sz\u00edvesen hallgatja, az der\u00fclt ki, hogy nem egyszer\u0171en szeret oroszbar\u00e1t v\u00e9lem\u00e9nyt megfogalmazni a magyar nyilv\u00e1noss\u00e1gban, hanem az is, hogy val\u00f3ban vannak orosz titkosszolg\u00e1lati kapcsolatai. Ezeket a magyar szervek is komoly kock\u00e1zatk\u00e9nt \u00e9rt\u00e9keltek.<\/p>\n<p><em>Az ad\u00e1s el\u00e9rhet\u0151 <a href=\"https:\/\/soundcloud.com\/user-352142716\/direkt36-podcast-115-igy-derult-feny-a-fideszes-propagandista-orosz-kapcsolataira\">Soundcloudon<\/a>, <a href=\"https:\/\/open.spotify.com\/episode\/0QyBLyXDUWpfT7R0gePsvD?si=3230828f2c074fb7\">Spotify-on<\/a> \u00e9s <a href=\"https:\/\/www.youtube.com\/watch?v=-LmgRVSgvVU&amp;t=21s\">Youtube-on<\/a> is.<\/em><\/p>\n<p><em>A bor\u00edt\u00f3k\u00e9pen: Georg Sp\u00f6ttle Szijj\u00e1rt P\u00e9terrel szelfizik. Forr\u00e1s: Georg Sp\u00f6ttle \/ Facebook<\/em><\/p>","protected":false},"excerpt":{"rendered":"<p class=\"qtranxs-available-languages-message qtranxs-available-languages-message-en\">Sorry, this entry is only available in <a href=\"https:\/\/www.direkt36.hu\/hu\/wp-json\/wp\/v2\/posts\/12258\" class=\"qtranxs-available-language-link qtranxs-available-language-link-hu\" title=\"Magyar\">Hungarian<\/a>.<\/p>\n<p>Georg Sp\u00f6ttl\u00e9r\u0151l, a fideszes propaganda egyik akt\u00edv szerepl\u0151j\u00e9r\u0151l Panyi Szabolcs kider\u00edtette, hogy orosz titkosszolg\u00e1lati kapcsolatai vannak. Podcastunkban Szabolccsal besz\u00e9lgett\u00fcnk az orosz narrat\u00edv\u00e1kat el\u0151szeretettel hajtogat\u00f3 Sp\u00f6ttl\u00e9r\u0151l, akinek a vil\u00e1gmegfejt\u00e9seit \u00e1ll\u00edt\u00e1sa szerint Szijj\u00e1rt\u00f3 P\u00e9ter k\u00fcl\u00fcgyminiszter is sz\u00edvesen hallgatja.<\/p>\n","protected":false},"author":29,"featured_media":12259,"comment_status":"closed","ping_status":"closed","sticky":false,"template":"","format":"standard","meta":{"footnotes":""},"categories":[23],"tags":[109,814,824,279,500,315],"ppma_author":[545],"aioseo_notices":[],"fimg_url":["https:\/\/www.direkt36.hu\/wp-content\/uploads\/2025\/06\/Podcast-YT-indexkep-2.jpg",1280,720,false],"authors":[{"term_id":545,"user_id":29,"is_guest":0,"slug":"patrik","display_name":"Patrik Galavits","avatar_url":{"url":"https:\/\/www.direkt36.hu\/wp-content\/uploads\/2023\/10\/Galavits-Patrik.png","url2x":"https:\/\/www.direkt36.hu\/wp-content\/uploads\/2023\/10\/Galavits-Patrik.png"},"author_category":"","user_url":"","last_name":"Galavits","first_name":"Patrik","job_title":"","description":"[:hu]Az NKE-n szerzett igazgat\u00e1sszervez\u0151 \u00e9s nemzetk\u00f6zi igazgat\u00e1si diplom\u00e1val el\u0151bb multikn\u00e1l dolgozott, innen v\u00e1ltott az \u00fajs\u00e1g\u00edr\u00e1sra. Volt riporter \u00e9s m\u0171sorvezet\u0151 a Klubr\u00e1di\u00f3n\u00e1l, podcastot k\u00e9sz\u00edtett \u00e9s cikkeket \u00edrt az Azonnali.hu-n\u00e1l, majd a Forbes Magyarorsz\u00e1g munkat\u00e1rsak\u00e9nt dolgozott. 2019-ben \u00f6szt\u00f6nd\u00edjjal k\u00e9t h\u00f3napot a nyugat-n\u00e9metorsz\u00e1gi k\u00f6zszolg\u00e1lati m\u00e9di\u00e1n\u00e1l, a WDR-n\u00e9l t\u00f6lt\u00f6tt, 2022-ben az Egyes\u00fclt \u00c1llamok k\u00fcl\u00fcgyminiszt\u00e9riuma \u00e1ltal szervezett program, az IVLP r\u00e9sztvev\u0151je volt. T\u00f6bbsz\u00f6r jel\u00f6lt\u00e9k Min\u0151s\u00e9gi \u00dajs\u00e1g\u00edr\u00e1s\u00e9rt-d\u00edjra, 2021-ben az egykori balettint\u00e9zeti vissza\u00e9l\u00e9seket \u00e9s zaklat\u00e1sokat felt\u00e1r\u00f3 cikksorozat\u00e1\u00e9rt Transparency-Soma-d\u00edjra.[:en]Patrik graduated in Public and International Administration from the National University of Public Service. He started out as a private sector employee at multinational corporations before he ventured into journalism. He became a reporter and radio show host at Klubr\u00e1di\u00f3, then he produced a podcast and wrote articles at Azonnali.hu. Most recently he worked at Forbes Hungary. In 2019, he won a grant at WDR, a public broadcaster based in Germany. In 2022, he took part in an International Visitor Leadership Program for journalists, organized by the United States Department of State. He has been nominated for the Quality Journalism Award multiple times. His investigative article series involving abuses and sexual harassment at the Hungarian Dance Academy earned him a nomination for the Transparency Soma Award in 2021.[:]"}],"tag_names":[{"name":"Fidesz","slug":"fidesz"},{"name":"Georg Sp\u00f6ttle","slug":"georg-spottle"},{"name":"orosz befoly\u00e1s","slug":"orosz-befolyas"},{"name":"Podcast","slug":"podcast"},{"name":"propaganda","slug":"propaganda"},{"name":"P\u00e9ter Szijj\u00e1rt\u00f3","slug":"szijjarto-peter"}],"category_names":[{"name":"Podcast","slug":"podcast"}],"_links":{"self":[{"href":"https:\/\/www.direkt36.hu\/en\/wp-json\/wp\/v2\/posts\/12258"}],"collection":[{"href":"https:\/\/www.direkt36.hu\/en\/wp-json\/wp\/v2\/posts"}],"about":[{"href":"https:\/\/www.direkt36.hu\/en\/wp-json\/wp\/v2\/types\/post"}],"author":[{"embeddable":true,"href":"https:\/\/www.direkt36.hu\/en\/wp-json\/wp\/v2\/users\/29"}],"replies":[{"embeddable":true,"href":"https:\/\/www.direkt36.hu\/en\/wp-json\/wp\/v2\/comments?post=12258"}],"version-history":[{"count":0,"href":"https:\/\/www.direkt36.hu\/en\/wp-json\/wp\/v2\/posts\/12258\/revisions"}],"wp:featuredmedia":[{"embeddable":true,"href":"https:\/\/www.direkt36.hu\/en\/wp-json\/wp\/v2\/media\/12259"}],"wp:attachment":[{"href":"https:\/\/www.direkt36.hu\/en\/wp-json\/wp\/v2\/media?parent=12258"}],"wp:term":[{"taxonomy":"category","embeddable":true,"href":"https:\/\/www.direkt36.hu\/en\/wp-json\/wp\/v2\/categories?post=12258"},{"taxonomy":"post_tag","embeddable":true,"href":"https:\/\/www.direkt36.hu\/en\/wp-json\/wp\/v2\/tags?post=12258"},{"taxonomy":"author","embeddable":true,"href":"https:\/\/www.direkt36.hu\/en\/wp-json\/wp\/v2\/ppma_author?post=12258"}],"curies":[{"name":"wp","href":"https:\/\/api.w.org\/{rel}","templated":true}]}}