{"id":12349,"date":"2025-08-06T16:59:29","date_gmt":"2025-08-06T14:59:29","guid":{"rendered":"https:\/\/www.direkt36.hu\/?p=12349"},"modified":"2025-08-06T16:59:29","modified_gmt":"2025-08-06T14:59:29","slug":"direkt36-podcast-tenyleg-katasztrofa-az-eu-nak-a-trumppal-kotott-vammegallapodas","status":"publish","type":"post","link":"https:\/\/www.direkt36.hu\/en\/direkt36-podcast-tenyleg-katasztrofa-az-eu-nak-a-trumppal-kotott-vammegallapodas\/","title":{"rendered":"(Magyar) Direkt36 podcast \u2013 T\u00e9nyleg katasztr\u00f3fa az EU-nak a Trumppal k\u00f6t\u00f6tt v\u00e1mmeg\u00e1llapod\u00e1s?"},"content":{"rendered":"<p class=\"qtranxs-available-languages-message qtranxs-available-languages-message-en\">Sorry, this entry is only available in <a href=\"https:\/\/www.direkt36.hu\/hu\/wp-json\/wp\/v2\/posts\/12349\" class=\"qtranxs-available-language-link qtranxs-available-language-link-hu\" title=\"Magyar\">Hungarian<\/a>.<\/p><p>Voltak, akik \u00f3vatosan, de pozit\u00edvan \u00e9rt\u00e9kelt\u00e9k, mint p\u00e9ld\u00e1ul a n\u00e9met kancell\u00e1r Friedrich Merz, de a francia minisztereln\u00f6k, Francois Bayrou Eur\u00f3pa s\u00f6t\u00e9t napj\u00e1nak nevezte a m\u00e1sf\u00e9l h\u00e9ttel ezel\u0151tti vas\u00e1rnapot, amikor bejelentett\u00e9k az USA \u00e9s az EU k\u00f6zti v\u00e1mmeg\u00e1llapod\u00e1s l\u00e9trej\u00f6tt\u00e9t. Ez sok mindent \u00e9rint \u00e9s vannak b\u0151ven kiv\u00e9telek, de a legfontosabb pontja, hogy sz\u00e1mos Eur\u00f3p\u00e1b\u00f3l az USA-ba eladott term\u00e9ket 15 sz\u00e1zal\u00e9k v\u00e1m terhel.<\/p>\n<p>A magyar korm\u00e1ny \u00e9s Orb\u00e1n Viktor is kritiz\u00e1lta a Bizotts\u00e1got.<\/p>\n<p>Err\u0151l a v\u00e1mmeg\u00e1llapod\u00e1sr\u00f3l \u00e9s \u00e1ltal\u00e1ban Trump v\u00e1mjainak hat\u00e1sair\u00f3l besz\u00e9lgett\u00fcnk Kov\u00e1cs Szil\u00e1rddal, a HOLD portf\u00f3li\u00f3menedzser\u00e9vel \u00e9s N\u00e9meth D\u00e1viddal, a K&amp;H vezet\u0151 elemz\u0151j\u00e9vel a Direkt36 m\u0171sor\u00e1ban a Tiloson.<\/p>\n<p><em>Az ad\u00e1s meghallgathat\u00f3 <a href=\"https:\/\/open.spotify.com\/episode\/2esFhsSSXaDOfjS24uCyXk?si=287267e1271a4be3\">Spotify-on<\/a>, <a href=\"https:\/\/soundcloud.com\/user-352142716\/direkt36-podcast-120-tenyleg-katasztrofa-az-eu-nak-a-trumppal-kotott-vammegallapodas\">Soundcloudon<\/a> \u00e9s <a href=\"https:\/\/youtu.be\/0vjQ6sZc05k?si=54EI6TgNqkql1hb0\">Youtube-on<\/a>.<\/em><\/p>\n<p>A bor\u00edt\u00f3k\u00e9p forr\u00e1sa: Eur\u00f3pai Bizotts\u00e1g<\/p>","protected":false},"excerpt":{"rendered":"<p class=\"qtranxs-available-languages-message qtranxs-available-languages-message-en\">Sorry, this entry is only available in <a href=\"https:\/\/www.direkt36.hu\/hu\/wp-json\/wp\/v2\/posts\/12349\" class=\"qtranxs-available-language-link qtranxs-available-language-link-hu\" title=\"Magyar\">Hungarian<\/a>.<\/p>\n<p>Mit jelent az EU \u00e9s az USA \u00faj v\u00e1mmeg\u00e1llapod\u00e1sa Eur\u00f3pa gazdas\u00e1g\u00e1nak, benne a magyarnak? Jogosak az Eur\u00f3pai Bizotts\u00e1got \u00e9rt kritik\u00e1k? Milyen k\u00e1rty\u00e1it nem j\u00e1tszotta ki Ursula von der Leyen Trumppal szemben? A Direkt36 podcastj\u00e1ban szak\u00e9rt\u0151kkel elemezt\u00fck a meg\u00e1llapod\u00e1st \u00e9s Trump v\u00e1mstrat\u00e9gi\u00e1j\u00e1nak k\u00f6vetkezm\u00e9nyeit.<\/p>\n","protected":false},"author":29,"featured_media":12350,"comment_status":"closed","ping_status":"closed","sticky":false,"template":"","format":"standard","meta":{"footnotes":""},"categories":[23],"tags":[86,604,744,101,719,842,839,838,279,841,840],"ppma_author":[545],"aioseo_notices":[],"fimg_url":["https:\/\/www.direkt36.hu\/wp-content\/uploads\/2025\/08\/YT_kep.jpg",1280,720,false],"authors":[{"term_id":545,"user_id":29,"is_guest":0,"slug":"patrik","display_name":"Patrik Galavits","avatar_url":{"url":"https:\/\/www.direkt36.hu\/wp-content\/uploads\/2023\/10\/Galavits-Patrik.png","url2x":"https:\/\/www.direkt36.hu\/wp-content\/uploads\/2023\/10\/Galavits-Patrik.png"},"author_category":"","user_url":"","last_name":"Galavits","first_name":"Patrik","job_title":"","description":"[:hu]Az NKE-n szerzett igazgat\u00e1sszervez\u0151 \u00e9s nemzetk\u00f6zi igazgat\u00e1si diplom\u00e1val el\u0151bb multikn\u00e1l dolgozott, innen v\u00e1ltott az \u00fajs\u00e1g\u00edr\u00e1sra. Volt riporter \u00e9s m\u0171sorvezet\u0151 a Klubr\u00e1di\u00f3n\u00e1l, podcastot k\u00e9sz\u00edtett \u00e9s cikkeket \u00edrt az Azonnali.hu-n\u00e1l, majd a Forbes Magyarorsz\u00e1g munkat\u00e1rsak\u00e9nt dolgozott. 2019-ben \u00f6szt\u00f6nd\u00edjjal k\u00e9t h\u00f3napot a nyugat-n\u00e9metorsz\u00e1gi k\u00f6zszolg\u00e1lati m\u00e9di\u00e1n\u00e1l, a WDR-n\u00e9l t\u00f6lt\u00f6tt, 2022-ben az Egyes\u00fclt \u00c1llamok k\u00fcl\u00fcgyminiszt\u00e9riuma \u00e1ltal szervezett program, az IVLP r\u00e9sztvev\u0151je volt. T\u00f6bbsz\u00f6r jel\u00f6lt\u00e9k Min\u0151s\u00e9gi \u00dajs\u00e1g\u00edr\u00e1s\u00e9rt-d\u00edjra, 2021-ben az egykori balettint\u00e9zeti vissza\u00e9l\u00e9seket \u00e9s zaklat\u00e1sokat felt\u00e1r\u00f3 cikksorozat\u00e1\u00e9rt Transparency-Soma-d\u00edjra.[:en]Patrik graduated in Public and International Administration from the National University of Public Service. He started out as a private sector employee at multinational corporations before he ventured into journalism. He became a reporter and radio show host at Klubr\u00e1di\u00f3, then he produced a podcast and wrote articles at Azonnali.hu. Most recently he worked at Forbes Hungary. In 2019, he won a grant at WDR, a public broadcaster based in Germany. In 2022, he took part in an International Visitor Leadership Program for journalists, organized by the United States Department of State. He has been nominated for the Quality Journalism Award multiple times. His investigative article series involving abuses and sexual harassment at the Hungarian Dance Academy earned him a nomination for the Transparency Soma Award in 2021.[:]"}],"tag_names":[{"name":"donald trump","slug":"donald-trump"},{"name":"United States","slug":"egyesult-allamok"},{"name":"eur\u00f3pai bizotts\u00e1g","slug":"europai-bizottsag"},{"name":"European Union","slug":"europai-unio"},{"name":"gazdas\u00e1g","slug":"gazdasag"},{"name":"kereskedelem","slug":"kereskedelem"},{"name":"kov\u00e1cs szil\u00e1rd","slug":"kovacs-szilard"},{"name":"n\u00e9meth d\u00e1vid","slug":"nemeth-david"},{"name":"Podcast","slug":"podcast"},{"name":"ursula von der leyen","slug":"ursula-von-der-leyen"},{"name":"v\u00e1mok","slug":"vamok"}],"category_names":[{"name":"Podcast","slug":"podcast"}],"_links":{"self":[{"href":"https:\/\/www.direkt36.hu\/en\/wp-json\/wp\/v2\/posts\/12349"}],"collection":[{"href":"https:\/\/www.direkt36.hu\/en\/wp-json\/wp\/v2\/posts"}],"about":[{"href":"https:\/\/www.direkt36.hu\/en\/wp-json\/wp\/v2\/types\/post"}],"author":[{"embeddable":true,"href":"https:\/\/www.direkt36.hu\/en\/wp-json\/wp\/v2\/users\/29"}],"replies":[{"embeddable":true,"href":"https:\/\/www.direkt36.hu\/en\/wp-json\/wp\/v2\/comments?post=12349"}],"version-history":[{"count":0,"href":"https:\/\/www.direkt36.hu\/en\/wp-json\/wp\/v2\/posts\/12349\/revisions"}],"wp:featuredmedia":[{"embeddable":true,"href":"https:\/\/www.direkt36.hu\/en\/wp-json\/wp\/v2\/media\/12350"}],"wp:attachment":[{"href":"https:\/\/www.direkt36.hu\/en\/wp-json\/wp\/v2\/media?parent=12349"}],"wp:term":[{"taxonomy":"category","embeddable":true,"href":"https:\/\/www.direkt36.hu\/en\/wp-json\/wp\/v2\/categories?post=12349"},{"taxonomy":"post_tag","embeddable":true,"href":"https:\/\/www.direkt36.hu\/en\/wp-json\/wp\/v2\/tags?post=12349"},{"taxonomy":"author","embeddable":true,"href":"https:\/\/www.direkt36.hu\/en\/wp-json\/wp\/v2\/ppma_author?post=12349"}],"curies":[{"name":"wp","href":"https:\/\/api.w.org\/{rel}","templated":true}]}}