{"id":12852,"date":"2026-03-10T13:40:31","date_gmt":"2026-03-10T12:40:31","guid":{"rendered":"https:\/\/www.direkt36.hu\/?p=12852"},"modified":"2026-03-10T13:40:31","modified_gmt":"2026-03-10T12:40:31","slug":"direkt36-podcast-mi-a-baj-a-magyar-oktatassal-dokumentumfilmunk-szereploi-valaszolnak","status":"publish","type":"post","link":"https:\/\/www.direkt36.hu\/en\/direkt36-podcast-mi-a-baj-a-magyar-oktatassal-dokumentumfilmunk-szereploi-valaszolnak\/","title":{"rendered":"(Magyar) Direkt36 podcast \u2013 Mi a baj a magyar oktat\u00e1ssal? Dokumentumfilm\u00fcnk szerepl\u0151i v\u00e1laszolnak"},"content":{"rendered":"<p class=\"qtranxs-available-languages-message qtranxs-available-languages-message-en\">Sorry, this entry is only available in <a href=\"https:\/\/www.direkt36.hu\/hu\/wp-json\/wp\/v2\/posts\/12852\" class=\"qtranxs-available-language-link qtranxs-available-language-link-hu\" title=\"Magyar\">Hungarian<\/a>.<\/p><p>Febru\u00e1r 13-\u00e1n jelent meg a Youtube-on a Direkt36 \u00faj dokumentumfilmje, <a href=\"https:\/\/youtu.be\/9NQEcLIiOpM?si=5Mv8--rxwyMkRRSP\">A csapda \u2013 Az Orb\u00e1n-korszak elvesztett lehet\u0151s\u00e9geinek t\u00f6rt\u00e9nete<\/a>.<\/p>\n<p>A film egyik r\u00e9sz\u00e9ben a magyar oktat\u00e1s helyzet\u00e9vel foglalkozunk. A magyar di\u00e1kok PISA-eredm\u00e9nyei az elm\u00falt 16 \u00e9vben visszaestek, az iskol\u00e1kb\u00f3l sz\u00e1mos pedag\u00f3gus hi\u00e1nyzik \u00e9s nem l\u00e1tszik, hogy egy sz\u00fcks\u00e9ges nagy oktat\u00e1si reformot milyen alapokra lehetne helyezni a jelenlegi rendszerben.<\/p>\n<p>A csapda k\u00e9t szerepl\u0151je, Kaderj\u00e1k Anita oktat\u00e1skutat\u00f3, a Rajk Szakkoll\u00e9gium igazgat\u00f3ja \u00e9s Kov\u00e1cs \u00c9va p\u00e1lyaelhagy\u00f3 pedag\u00f3gus volt a Direkt36 m\u0171sor\u00e1nak vend\u00e9ge a Tiloson, akikkel a magyar oktat\u00e1si rendszerben tornyosul\u00f3 kih\u00edv\u00e1sokr\u00f3l besz\u00e9lgett\u00fcnk.<\/p>\n<p><em>Az ad\u00e1s el\u00e9rhet\u0151 <a href=\"https:\/\/soundcloud.com\/user-352142716\/direkt36-podcast-137-mi-a-baj\">Soundcloudon<\/a>, <a href=\"https:\/\/open.spotify.com\/episode\/6YHPPJprbTxYJUIIQO1wdx?si=9a9071556a3e485c\">Spotify-on<\/a> \u00e9s <a href=\"https:\/\/youtu.be\/TVaVaw1dz8g?si=poo9wc8uUUdNtf0K\">Youtube-on<\/a>.<\/em><\/p>","protected":false},"excerpt":{"rendered":"<p class=\"qtranxs-available-languages-message qtranxs-available-languages-message-en\">Sorry, this entry is only available in <a href=\"https:\/\/www.direkt36.hu\/hu\/wp-json\/wp\/v2\/posts\/12852\" class=\"qtranxs-available-language-link qtranxs-available-language-link-hu\" title=\"Magyar\">Hungarian<\/a>.<\/p>\n<p>Podcastunkban A csapd\u00e1ban bemutatott p\u00e1lyaelhagy\u00f3 pedag\u00f3gus \u00e9s oktat\u00e1sszak\u00e9rt\u0151 seg\u00edts\u00e9g\u00e9vel besz\u00e9lt\u00fck \u00e1t a magyar k\u00f6zoktat\u00e1s probl\u00e9m\u00e1it.<\/p>\n","protected":false},"author":29,"featured_media":12854,"comment_status":"closed","ping_status":"closed","sticky":false,"template":"","format":"standard","meta":{"footnotes":""},"categories":[23],"tags":[884,622,887,888,714,279],"ppma_author":[545],"aioseo_notices":[],"fimg_url":["https:\/\/www.direkt36.hu\/wp-content\/uploads\/2026\/03\/oktatas_cikk_kep.jpg",1280,720,false],"authors":[{"term_id":545,"user_id":29,"is_guest":0,"slug":"patrik","display_name":"Patrik Galavits","avatar_url":{"url":"https:\/\/www.direkt36.hu\/wp-content\/uploads\/2023\/10\/Galavits-Patrik.png","url2x":"https:\/\/www.direkt36.hu\/wp-content\/uploads\/2023\/10\/Galavits-Patrik.png"},"author_category":"","user_url":"","last_name":"Galavits","first_name":"Patrik","job_title":"","description":"[:hu]Az NKE-n szerzett igazgat\u00e1sszervez\u0151 \u00e9s nemzetk\u00f6zi igazgat\u00e1si diplom\u00e1val el\u0151bb multikn\u00e1l dolgozott, innen v\u00e1ltott az \u00fajs\u00e1g\u00edr\u00e1sra. Volt riporter \u00e9s m\u0171sorvezet\u0151 a Klubr\u00e1di\u00f3n\u00e1l, podcastot k\u00e9sz\u00edtett \u00e9s cikkeket \u00edrt az Azonnali.hu-n\u00e1l, majd a Forbes Magyarorsz\u00e1g munkat\u00e1rsak\u00e9nt dolgozott. 2019-ben \u00f6szt\u00f6nd\u00edjjal k\u00e9t h\u00f3napot a nyugat-n\u00e9metorsz\u00e1gi k\u00f6zszolg\u00e1lati m\u00e9di\u00e1n\u00e1l, a WDR-n\u00e9l t\u00f6lt\u00f6tt, 2022-ben az Egyes\u00fclt \u00c1llamok k\u00fcl\u00fcgyminiszt\u00e9riuma \u00e1ltal szervezett program, az IVLP r\u00e9sztvev\u0151je volt. T\u00f6bbsz\u00f6r jel\u00f6lt\u00e9k Min\u0151s\u00e9gi \u00dajs\u00e1g\u00edr\u00e1s\u00e9rt-d\u00edjra, 2021-ben az egykori balettint\u00e9zeti vissza\u00e9l\u00e9seket \u00e9s zaklat\u00e1sokat felt\u00e1r\u00f3 cikksorozat\u00e1\u00e9rt Transparency-Soma-d\u00edjra.[:en]Patrik graduated in Public and International Administration from the National University of Public Service. He started out as a private sector employee at multinational corporations before he ventured into journalism. He became a reporter and radio show host at Klubr\u00e1di\u00f3, then he produced a podcast and wrote articles at Azonnali.hu. Most recently he worked at Forbes Hungary. In 2019, he won a grant at WDR, a public broadcaster based in Germany. In 2022, he took part in an International Visitor Leadership Program for journalists, organized by the United States Department of State. He has been nominated for the Quality Journalism Award multiple times. His investigative article series involving abuses and sexual harassment at the Hungarian Dance Academy earned him a nomination for the Transparency Soma Award in 2021.[:]"}],"tag_names":[{"name":"a csapda","slug":"a-csapda"},{"name":"documentary","slug":"dokumentumfilm"},{"name":"kaderj\u00e1k anita","slug":"kaderjak-anita"},{"name":"kov\u00e1cs \u00e9va","slug":"kovacs-eva"},{"name":"oktat\u00e1s","slug":"oktatas"},{"name":"Podcast","slug":"podcast"}],"category_names":[{"name":"Podcast","slug":"podcast"}],"_links":{"self":[{"href":"https:\/\/www.direkt36.hu\/en\/wp-json\/wp\/v2\/posts\/12852"}],"collection":[{"href":"https:\/\/www.direkt36.hu\/en\/wp-json\/wp\/v2\/posts"}],"about":[{"href":"https:\/\/www.direkt36.hu\/en\/wp-json\/wp\/v2\/types\/post"}],"author":[{"embeddable":true,"href":"https:\/\/www.direkt36.hu\/en\/wp-json\/wp\/v2\/users\/29"}],"replies":[{"embeddable":true,"href":"https:\/\/www.direkt36.hu\/en\/wp-json\/wp\/v2\/comments?post=12852"}],"version-history":[{"count":0,"href":"https:\/\/www.direkt36.hu\/en\/wp-json\/wp\/v2\/posts\/12852\/revisions"}],"wp:featuredmedia":[{"embeddable":true,"href":"https:\/\/www.direkt36.hu\/en\/wp-json\/wp\/v2\/media\/12854"}],"wp:attachment":[{"href":"https:\/\/www.direkt36.hu\/en\/wp-json\/wp\/v2\/media?parent=12852"}],"wp:term":[{"taxonomy":"category","embeddable":true,"href":"https:\/\/www.direkt36.hu\/en\/wp-json\/wp\/v2\/categories?post=12852"},{"taxonomy":"post_tag","embeddable":true,"href":"https:\/\/www.direkt36.hu\/en\/wp-json\/wp\/v2\/tags?post=12852"},{"taxonomy":"author","embeddable":true,"href":"https:\/\/www.direkt36.hu\/en\/wp-json\/wp\/v2\/ppma_author?post=12852"}],"curies":[{"name":"wp","href":"https:\/\/api.w.org\/{rel}","templated":true}]}}