{"id":13066,"date":"2026-04-29T08:20:32","date_gmt":"2026-04-29T06:20:32","guid":{"rendered":"https:\/\/www.direkt36.hu\/?p=13066"},"modified":"2026-04-29T08:20:32","modified_gmt":"2026-04-29T06:20:32","slug":"direkt36-podcast-tarthatoak-magyar-peter-vagyonvisszaszerzesi-igeretei","status":"publish","type":"post","link":"https:\/\/www.direkt36.hu\/en\/direkt36-podcast-tarthatoak-magyar-peter-vagyonvisszaszerzesi-igeretei\/","title":{"rendered":"(Magyar) Direkt36 podcast \u2013 Tarthat\u00f3ak Magyar P\u00e9ter vagyonvisszaszerz\u00e9si \u00edg\u00e9retei?"},"content":{"rendered":"<p class=\"qtranxs-available-languages-message qtranxs-available-languages-message-en\">Sorry, this entry is only available in <a href=\"https:\/\/www.direkt36.hu\/hu\/wp-json\/wp\/v2\/posts\/13066\" class=\"qtranxs-available-language-link qtranxs-available-language-link-hu\" title=\"Magyar\">Hungarian<\/a>.<\/p><p>A leend\u0151 minisztereln\u00f6k, Magyar P\u00e9ter meg\u00edg\u00e9rte a kamp\u00e1nyban, hogy korm\u00e1nyra ker\u00fcl\u00e9se eset\u00e9n fel\u00e1ll a Nemzeti Vagyonvisszaszerz\u00e9si \u00e9s V\u00e9delmi Hivatal. Ennek feladata lesz annak a vagyonnak a visszaszerz\u00e9se, ami a Tisza P\u00e1rt eln\u00f6ke szerint a magyar embereknek j\u00e1rna, ehelyett az \u00e1ltala 3000 fideszes janics\u00e1rnak nevezett szem\u00e9lyn\u00e9l k\u00f6t\u00f6tt ki.<\/p>\n<p>Mennyire re\u00e1lis Magyar \u00edg\u00e9rete? Hogyan lehet megteremteni a vagyonvisszaszerz\u00e9s jogi felt\u00e9teleit? Melyek azok a vagyonelemek, amelyeket val\u00f3ban az \u00e1llamkassza fel\u00e9 lehet ir\u00e1ny\u00edtani \u00e9s melyek t\u0171nnek \u00e9rinthetetlennek? Milyen nemzetk\u00f6zi p\u00e9ld\u00e1kat lehet alapul venni \u00e9s mit lehet kezdeni a k\u00fclf\u00f6ldre menek\u00edtett vagyonelemekkel?<\/p>\n<p>Ezekr\u0151l a k\u00e9rd\u00e9sekr\u0151l besz\u00e9lgett\u00fcnk a Direkt36 r\u00e1di\u00f3ad\u00e1s\u00e1ban a Tiloson L\u00e9derer S\u00e1ndorral, a K-Monitor \u00fcgyvezet\u0151 igazgat\u00f3j\u00e1val \u00e9s \u00c1cs Tibor \u00fcgyv\u00e9ddel, a K\u00f6zponti Nyomoz\u00f3 F\u0151\u00fcgy\u00e9szs\u00e9g Gazdas\u00e1gi B\u0171n\u00fcgyek Oszt\u00e1ly\u00e1nak kor\u00e1bbi vezet\u0151j\u00e9vel.<\/p>\n<p><em>Az ad\u00e1s el\u00e9rhet\u0151 <a href=\"https:\/\/soundcloud.com\/user-352142716\/sets\/direkt36-podcast\">Soundcloudon<\/a>, <a href=\"https:\/\/open.spotify.com\/episode\/1rLk3wpmzeZxN4aor0O5mq?si=726a2e1e77d64752\">Spotify-on<\/a> \u00e9s <a href=\"https:\/\/youtu.be\/FPU8ISCFcQs?si=gpdsUwJ11jbrsVNg\">Youtube-on<\/a>.<\/em><\/p>\n<p>Bor\u00edt\u00f3k\u00e9p: Tisza P\u00e1rt \/ Facebook<\/p>","protected":false},"excerpt":{"rendered":"<p class=\"qtranxs-available-languages-message qtranxs-available-languages-message-en\">Sorry, this entry is only available in <a href=\"https:\/\/www.direkt36.hu\/hu\/wp-json\/wp\/v2\/posts\/13066\" class=\"qtranxs-available-language-link qtranxs-available-language-link-hu\" title=\"Magyar\">Hungarian<\/a>.<\/p>\n<p>Podcastunkban szak\u00e9rt\u0151kkel besz\u00e9lt\u00fck meg, milyen eredm\u00e9nyeket hozhat a Magyar P\u00e9ter \u00e1ltal \u00edg\u00e9rt Nemzeti Vagyonvisszaszerz\u00e9si \u00e9s V\u00e9delmi Hivatal fel\u00e1ll\u00edt\u00e1sa.<\/p>\n","protected":false},"author":29,"featured_media":13067,"comment_status":"closed","ping_status":"closed","sticky":false,"template":"","format":"standard","meta":{"footnotes":""},"categories":[23],"tags":[631,909,279,675,908],"ppma_author":[545],"aioseo_notices":[],"fimg_url":["https:\/\/www.direkt36.hu\/wp-content\/uploads\/2026\/04\/YT_kep_tiszapart_facebook.jpg",1280,720,false],"authors":[{"term_id":545,"user_id":29,"is_guest":0,"slug":"patrik","display_name":"Patrik Galavits","avatar_url":{"url":"https:\/\/www.direkt36.hu\/wp-content\/uploads\/2023\/10\/Galavits-Patrik.png","url2x":"https:\/\/www.direkt36.hu\/wp-content\/uploads\/2023\/10\/Galavits-Patrik.png"},"author_category":"","user_url":"","last_name":"Galavits","first_name":"Patrik","job_title":"","description":"[:hu]Az NKE-n szerzett igazgat\u00e1sszervez\u0151 \u00e9s nemzetk\u00f6zi igazgat\u00e1si diplom\u00e1val el\u0151bb multikn\u00e1l dolgozott, innen v\u00e1ltott az \u00fajs\u00e1g\u00edr\u00e1sra. Volt riporter \u00e9s m\u0171sorvezet\u0151 a Klubr\u00e1di\u00f3n\u00e1l, podcastot k\u00e9sz\u00edtett \u00e9s cikkeket \u00edrt az Azonnali.hu-n\u00e1l, majd a Forbes Magyarorsz\u00e1g munkat\u00e1rsak\u00e9nt dolgozott. 2019-ben \u00f6szt\u00f6nd\u00edjjal k\u00e9t h\u00f3napot a nyugat-n\u00e9metorsz\u00e1gi k\u00f6zszolg\u00e1lati m\u00e9di\u00e1n\u00e1l, a WDR-n\u00e9l t\u00f6lt\u00f6tt, 2022-ben az Egyes\u00fclt \u00c1llamok k\u00fcl\u00fcgyminiszt\u00e9riuma \u00e1ltal szervezett program, az IVLP r\u00e9sztvev\u0151je volt. T\u00f6bbsz\u00f6r jel\u00f6lt\u00e9k Min\u0151s\u00e9gi \u00dajs\u00e1g\u00edr\u00e1s\u00e9rt-d\u00edjra, 2021-ben az egykori balettint\u00e9zeti vissza\u00e9l\u00e9seket \u00e9s zaklat\u00e1sokat felt\u00e1r\u00f3 cikksorozat\u00e1\u00e9rt Transparency-Soma-d\u00edjra.[:en]Patrik graduated in Public and International Administration from the National University of Public Service. He started out as a private sector employee at multinational corporations before he ventured into journalism. He became a reporter and radio show host at Klubr\u00e1di\u00f3, then he produced a podcast and wrote articles at Azonnali.hu. Most recently he worked at Forbes Hungary. In 2019, he won a grant at WDR, a public broadcaster based in Germany. In 2022, he took part in an International Visitor Leadership Program for journalists, organized by the United States Department of State. He has been nominated for the Quality Journalism Award multiple times. His investigative article series involving abuses and sexual harassment at the Hungarian Dance Academy earned him a nomination for the Transparency Soma Award in 2021.[:]"}],"tag_names":[{"name":"Magyar P\u00e9ter","slug":"magyar-peter"},{"name":"nemzeti vagyonvisszaszerz\u00e9si \u00e9s v\u00e9delmi hivatal","slug":"nemzeti-vagyonvisszaszerzesi-es-vedelmi-hivatal"},{"name":"Podcast","slug":"podcast"},{"name":"tisza p\u00e1rt","slug":"tisza-part"},{"name":"vagyonvisszaszerz\u00e9s","slug":"vagyonvisszaszerzes"}],"category_names":[{"name":"Podcast","slug":"podcast"}],"_links":{"self":[{"href":"https:\/\/www.direkt36.hu\/en\/wp-json\/wp\/v2\/posts\/13066"}],"collection":[{"href":"https:\/\/www.direkt36.hu\/en\/wp-json\/wp\/v2\/posts"}],"about":[{"href":"https:\/\/www.direkt36.hu\/en\/wp-json\/wp\/v2\/types\/post"}],"author":[{"embeddable":true,"href":"https:\/\/www.direkt36.hu\/en\/wp-json\/wp\/v2\/users\/29"}],"replies":[{"embeddable":true,"href":"https:\/\/www.direkt36.hu\/en\/wp-json\/wp\/v2\/comments?post=13066"}],"version-history":[{"count":0,"href":"https:\/\/www.direkt36.hu\/en\/wp-json\/wp\/v2\/posts\/13066\/revisions"}],"wp:featuredmedia":[{"embeddable":true,"href":"https:\/\/www.direkt36.hu\/en\/wp-json\/wp\/v2\/media\/13067"}],"wp:attachment":[{"href":"https:\/\/www.direkt36.hu\/en\/wp-json\/wp\/v2\/media?parent=13066"}],"wp:term":[{"taxonomy":"category","embeddable":true,"href":"https:\/\/www.direkt36.hu\/en\/wp-json\/wp\/v2\/categories?post=13066"},{"taxonomy":"post_tag","embeddable":true,"href":"https:\/\/www.direkt36.hu\/en\/wp-json\/wp\/v2\/tags?post=13066"},{"taxonomy":"author","embeddable":true,"href":"https:\/\/www.direkt36.hu\/en\/wp-json\/wp\/v2\/ppma_author?post=13066"}],"curies":[{"name":"wp","href":"https:\/\/api.w.org\/{rel}","templated":true}]}}