{"id":13324,"date":"2026-09-04T08:53:17","date_gmt":"2026-09-04T06:53:17","guid":{"rendered":"https:\/\/www.direkt36.hu\/?p=13324"},"modified":"2026-09-04T09:54:26","modified_gmt":"2026-09-04T07:54:26","slug":"most-kiderul-hogy-allnak-a-korhazak-a-fertozesekkel","status":"publish","type":"post","link":"https:\/\/www.direkt36.hu\/en\/most-kiderul-hogy-allnak-a-korhazak-a-fertozesekkel\/","title":{"rendered":"(Magyar) Most kider\u00fcl, hogy \u00e1llnak a k\u00f3rh\u00e1zak a fert\u0151z\u00e9sekkel"},"content":{"rendered":"<p class=\"qtranxs-available-languages-message qtranxs-available-languages-message-en\">Sorry, this entry is only available in <a href=\"https:\/\/www.direkt36.hu\/hu\/wp-json\/wp\/v2\/posts\/13324\" class=\"qtranxs-available-language-link qtranxs-available-language-link-hu\" title=\"Magyar\">Hungarian<\/a>.<\/p><p>Cs\u00fct\u00f6rt\u00f6k este\u00a0<a href=\"https:\/\/jarvpub.nngyk.gov.hu\/hu\/egeszsegugyi-fertozesek-es-jarvanyok\" target=\"_blank\" rel=\"noopener\">nyilv\u00e1noss\u00e1 \u00e9s kereshet\u0151v\u00e9 v\u00e1lt<\/a>\u00a0a k\u00f3rh\u00e1zi fert\u0151z\u00e9sek adatb\u00e1zisa a Nemzeti N\u00e9peg\u00e9szs\u00e9g\u00fcgyi \u00e9s Gy\u00f3gyszer\u00e9szeti K\u00f6zpont (NNGYK) honlapj\u00e1n. Az NNGYK-t egy m\u00e1jusi korm\u00e1nyhat\u00e1rozat k\u00f6telezte arra, hogy k\u00f6zz\u00e9tegye az eg\u00e9szs\u00e9g\u00fcgyi ell\u00e1t\u00e1ssal \u00f6sszef\u00fcgg\u0151 fert\u0151z\u00e9sek r\u00e9szletes adatait. Az az\u00f3ta eltelt h\u00e1rom h\u00f3napban kidolgozt\u00e1k a fert\u0151z\u00e9ses adatok elemz\u00e9s\u00e9nek m\u00f3dszertan\u00e1t, megalkott\u00e1k a k\u00f3rh\u00e1zakra lebontott adatb\u00e1zist, \u00e9s \u00e9p\u00edtettek egy interakt\u00edv fel\u00fcletet, amelyb\u0151l mindenki kikeresheti az \u0151t \u00e9rdekl\u0151 adatokat.<\/p>\n<p>Els\u0151 k\u00f6rben t\u00f6bb nagy adathalmaz v\u00e1lt kereshet\u0151v\u00e9: a k\u00f3rh\u00e1zakban kit\u00f6rt j\u00e1rv\u00e1nyok adatb\u00e1zisa; egy 2022-ben elv\u00e9gzett \u00e1tfog\u00f3 kutat\u00e1s r\u00e9szletes adatai; valamint a\u00a0<i>Clostridium difficile<\/i>\u00a0nev\u0171, f\u0151k\u00e9nt k\u00f3rh\u00e1zakban terjed\u0151, s\u00falyos hasmen\u00e9st okoz\u00f3 fert\u0151z\u00e9sre vonatkoz\u00f3 adatok. K\u00e9s\u0151bb az er\u0151s antibiotikumoknak ellen\u00e1ll\u00f3, \u00fagynevezett multirezisztens k\u00f3rokoz\u00f3kra \u00e9s a v\u00e9r\u00e1ramfert\u0151z\u00e9sekre vonatkoz\u00f3 adatb\u00e1zisokat is k\u00f6zz\u00e9teszik majd. Ezeket az adatokat t\u00f6bb mint h\u00fasz \u00e9ve gy\u0171jti az \u00e1llam, de eddig csak nagyon kis r\u00e9sz\u00fck volt el\u00e9rhet\u0151, \u00e9s azok is csak nagyon nehezen \u00e9rthet\u0151 form\u00e1ban.<\/p>\n<div class=\"placeholder ad\">\n<div id=\"gpt_telex_article_desktop_roadblock_left_1\" class=\"gpt-ad-container gpt-loaded\"><a href=\"https:\/\/www.direkt36.hu\/tamogass-minket\/\">Csatlakozz a Direkt36 t\u00e1mogat\u00f3i k\u00f6r\u00e9hez, \u00e9s betekint\u00e9st kapsz a t\u00e9nyfelt\u00e1r\u00e1sba!<\/a><\/div>\n<\/div>\n<p>A frissen k\u00f6zz\u00e9tett adatokb\u00f3l kiolvashat\u00f3 fontosabb r\u00e9szletekkel hamarosan k\u00fcl\u00f6n cikkben jelentkez\u00fcnk majd.<\/p>\n<p>Hossz\u00fa \u00fat vezetett od\u00e1ig, hogy az \u00e1llam feladja a titkol\u00f3z\u00e1st \u00e9s egy\u00e1ltal\u00e1n nyilv\u00e1nosan elismerje a probl\u00e9ma m\u00e9rt\u00e9k\u00e9t, az Orb\u00e1n-korm\u00e1nyok idej\u00e9n ugyanis nagy energi\u00e1t fektettek a k\u00e9rd\u00e9s sz\u0151nyeg al\u00e1 s\u00f6pr\u00e9s\u00e9be \u00e9s az adatok eltitkol\u00e1s\u00e1ba. A v\u00e1ltoz\u00e1sban nagy szerepe volt t\u00f6bb civil szervezetnek, nyilv\u00e1noss\u00e1gp\u00e1rti szakembernek \u00e9s a f\u00fcggetlen sajt\u00f3nak, k\u00f6zt\u00fck a Direkt36\u202f2023-as cikksorozat\u00e1nak \u00e9s dokumentumfilmj\u00e9nek. Akkoriban csak hosszas peresked\u00e9ssel siker\u00fclt r\u00e9szletes adatokhoz jutnunk, amelyeket az NNGYK ellen\u00e1ll\u00e1sa k\u00f6zepette elemezt\u00fcnk \u00e9s tett\u00fcnk k\u00f6zz\u00e9.\u00a0<a href=\"https:\/\/www.direkt36.hu\/category\/korhazi-fertozesek\/\" target=\"_blank\" rel=\"noopener\">A Semmelweis Projekt elnevez\u00e9s\u0171 sorozatunk darabjai itt n\u00e9zhet\u0151k vissza.<\/a><\/p>\n<figure class=\"media\">\n<div>\n<div class=\"framed\">\n<div class=\"youtube-embed youtube-container\"><iframe loading=\"lazy\" id=\"yt-UsL_mLTMXQs-v-0-5-10-0-0\" class=\"landscape\" title=\"Mossuk kezeinket - az eltitkolt k\u00f3rh\u00e1zi fert\u0151z\u00e9sek nyom\u00e1ban\" src=\"https:\/\/www.youtube.com\/embed\/UsL_mLTMXQs?autoplay=0&amp;enablejsapi=1&amp;origin=https%3A%2F%2Flive.telex.hu&amp;widgetid=1&amp;forigin=https%3A%2F%2Flive.telex.hu%2Fdirekt36%2F2026%2F09%2F03%2Fmost-kiderul-hogy-allnak-a-korhazak-a-fertozesekkel&amp;aoriginsup=1&amp;gporigin=https%3A%2F%2Fkisuzem.telex.hu%2F&amp;vf=1\" width=\"100%\" height=\"100%\" frameborder=\"0\" allowfullscreen=\"allowfullscreen\" data-gtm-yt-inspected-32244122_55=\"true\" data-gtm-yt-inspected-13=\"true\" data-mce-fragment=\"1\"><\/iframe><\/div>\n<\/div>\n<\/div>\n<\/figure>\n<p>Becsl\u00e9sek szerint a magyar k\u00f3rh\u00e1zakban \u00e9vente t\u00f6bb t\u00edzezer fert\u0151z\u00e9s t\u00f6rt\u00e9nik, amelyek szenved\u00e9st \u00e9s s\u00falyos sz\u00f6v\u0151dm\u00e9nyeket tudnak okozni a betegeknek. Dr\u00e1mai, hogy \u00e9ppen ott kapj\u00e1k el ezeket a fert\u0151z\u00e9seket, ahov\u00e1 gy\u00f3gyulni mentek: a k\u00f3rh\u00e1zban.<\/p>\n<p>Az esetek sz\u00e1ma soha nem lesz nulla, de egy r\u00e9sz\u00fck biztosan megel\u0151zhet\u0151. A k\u00f3rh\u00e1zi fert\u0151z\u00e9sek terjed\u00e9s\u00e9t egy sor t\u00e9nyez\u0151 befoly\u00e1solja: p\u00e9ld\u00e1ul a k\u00f3rh\u00e1zi helyis\u00e9gek \u00e9s m\u0171t\u00e9ti eszk\u00f6z\u00f6k tisztas\u00e1ga, a k\u00e9zfert\u0151tlen\u00edt\u0151-haszn\u00e1lat \u00e9s az is, hogy az eg\u00e9szs\u00e9g\u00fcgyi dolgoz\u00f3k milyen gyorsan tal\u00e1lnak meg egy fert\u0151z\u00e9st a k\u00f3rh\u00e1zban, azut\u00e1n pedig k\u00e9pesek-e megfelel\u0151en elk\u00fcl\u00f6n\u00edteni a beteget. A sok\u00e1gyas k\u00f3rtermek, a leromlott vizesblokkok, az eg\u00e9szs\u00e9g\u00fcgyi dolgoz\u00f3k hi\u00e1nya, de m\u00e9g a rossz l\u00e9gkondicion\u00e1l\u00e1s is a terjed\u00e9st seg\u00edti. Az invaz\u00edv beavatkoz\u00e1sok, a hossz\u00fa k\u00f3rh\u00e1zi tart\u00f3zkod\u00e1s n\u00f6veli a fert\u0151z\u00e9s es\u00e9ly\u00e9t, ahogy a beker\u00fcl\u0151 emberek \u00e1llapota is hat\u00e1ssal van r\u00e1: sokan k\u00f6z\u00fcl\u00fck id\u0151sek, legyeng\u00fcltek \u00e9s egy sor alapbetegs\u00e9ggel k\u00fcszk\u00f6dnek, teh\u00e1t fog\u00e9konyabbak a fert\u0151z\u00e9sekre is.<\/p>\n<p>Vagyis a magyar k\u00f3rh\u00e1zak t\u00f6bbs\u00e9ge k\u00f6zel sem ide\u00e1lis k\u00f6r\u00fclm\u00e9nyek k\u00f6z\u00f6tt k\u00fczd a fert\u0151z\u00e9sek terjed\u00e9se ellen. Ezt a kor\u00e1bbi orsz\u00e1gos statisztik\u00e1k is mutatj\u00e1k: a koronav\u00edrus-j\u00e1rv\u00e1ny el\u0151tti \u00e9vekben rend\u00fcletlen n\u00f6veked\u00e9st mutattak a sz\u00e1mok, a j\u00e1rv\u00e1ny \u00e9veiben m\u00e9g rosszabb lett a helyzet, ut\u00e1na pedig magas szinten stabiliz\u00e1l\u00f3dtak a fert\u0151z\u00e9ssz\u00e1mok. Sz\u00e1mottev\u0151 javul\u00e1st az elm\u00falt \u00e9vtizedekben nem siker\u00fclt el\u00e9rni.<\/p>\n<p>Mint Oroszi Beatrix orsz\u00e1gos tisztif\u0151orvos egy szerdai sajt\u00f3t\u00e1j\u00e9koztat\u00f3n\u00a0<a class=\"\" href=\"https:\/\/live.telex.hu\/belfold\/2026\/09\/02\/csutortokon-keso-este-elesedik-a-korhazi-fertozesek-uj-nyilvanos-adatbazis-mindenki-szamara-elerheto\">elmondta<\/a>, ezen a t\u00e9ren paradigmav\u00e1lt\u00e1sra k\u00e9sz\u00fclnek. A Heged\u0171s Zsolt vezette \u00faj Eg\u00e9szs\u00e9g\u00fcgyi Miniszt\u00e9rium ir\u00e1ny\u00edt\u00e1sa al\u00e1 ker\u00fclt NNGYK az elm\u00falt h\u00f3napokban sokat dolgozott azon, hogy az adatok a megfelel\u0151 magyar\u00e1zatokkal ell\u00e1tva k\u00f6zz\u00e9tehet\u0151v\u00e9 v\u00e1ljanak. Oroszi szerint a miniszter mellett az Orsz\u00e1gos K\u00f3rh\u00e1zi F\u0151igazgat\u00f3s\u00e1g (Okf\u0151) is elk\u00f6telezett a k\u00f3rh\u00e1zi fert\u0151z\u00e9sek visszaszor\u00edt\u00e1s\u00e1ban. \u201eEz egy j\u00f3 \u00fcgy, be kell \u00e1llni m\u00f6g\u00e9\u201d \u2013 jelentette ki.<\/p>\n<p>Az NNGYK kedden szervezett egy t\u00e1j\u00e9koztat\u00f3t a k\u00f3rh\u00e1zigazgat\u00f3knak is, akik Oroszi szerint optimist\u00e1n fogadt\u00e1k a v\u00e1ltoz\u00e1st. Az \u00faj rendszer egyik c\u00e9lja ugyanis az, hogy maguk az int\u00e9zm\u00e9nyek is megismerj\u00e9k egym\u00e1s adatait, \u00e9rt\u00e9kelhess\u00e9k a saj\u00e1t helyzet\u00fcket, \u00e9s ennek seg\u00edts\u00e9g\u00e9vel tov\u00e1bb tudj\u00e1k fejleszteni az infekci\u00f3kontroll-tev\u00e9kenys\u00e9g\u00fcket. Az eg\u00e9szs\u00e9g\u00fcgyi vezet\u00e9s azt szeretn\u00e9, ha egym\u00e1s j\u00f3 gyakorlataib\u00f3l tanulva a k\u00f3rh\u00e1zak n\u00e9h\u00e1ny \u00e9v alatt m\u00e1r l\u00e1that\u00f3 javul\u00e1st tudn\u00e1nak el\u00e9rni.<\/p>\n<div class=\"placeholder technical-embed\">\n<div class=\"direkt__36\"><a href=\"https:\/\/www.direkt36.hu\/tamogass-minket\/\">Csatlakozz a Direkt36 t\u00e1mogat\u00f3i k\u00f6r\u00e9hez, \u00e9s betekint\u00e9st kapsz a t\u00e9nyfelt\u00e1r\u00e1sba!<\/a><\/div>\n<div><\/div>\n<div class=\"direkt__36\">Az NNGYK szakemberei \u00e9rezhet\u0151en tartanak att\u00f3l, hogy a hozz\u00e1 nem \u00e9rt\u0151k f\u00e9lre\u00e9rtelmezik majd az adatokat. Az elm\u00falt hetekben tartott sajt\u00f3t\u00e1j\u00e9koztat\u00f3kon t\u00f6bb tucatszor elmondt\u00e1k, hogy egyes k\u00f3rh\u00e1zak teljes\u00edtm\u00e9ny\u00e9t puszt\u00e1n az adatok alapj\u00e1n nem lehet \u00f6sszehasonl\u00edtani vagy rangsorolni. Igyekeztek elmagyar\u00e1zni az adatb\u00e1zishoz haszn\u00e1lt statisztikai modell m\u0171k\u00f6d\u00e9s\u00e9t \u00e9s az adatok \u00e9rtelmez\u00e9s\u00e9nek a korl\u00e1tait. A k\u00f3rh\u00e1zi vezet\u0151ket is biztatt\u00e1k arra, hogy \u0151szint\u00e9n kommunik\u00e1ljanak a sajt\u00f3ban a saj\u00e1t helyzet\u00fckr\u0151l. Nem szeretn\u00e9k, ha emiatt a betegek bizalma megrend\u00fclne az eg\u00e9szs\u00e9g\u00fcgyi ell\u00e1t\u00e1sban vagy ak\u00e1r egyes k\u00f3rh\u00e1zakban.<\/div>\n<\/div>\n<h2><strong>Mi terjed a k\u00f3rh\u00e1zakban?<\/strong><\/h2>\n<p>A k\u00f3rh\u00e1zakban terjed\u0151 k\u00f3rokoz\u00f3k jellemz\u0151en olyanok, amik t\u00f6m\u00e9ny fert\u0151tlen\u00edt\u0151szerekt\u0151l sem pusztulnak el, \u00e9s k\u00f6nnyed\u00e9n ellen\u00e1llnak az er\u0151s antibiotikumoknak is. Multirezisztens bakt\u00e9riumoknak h\u00edvj\u00e1k \u0151ket, \u00e9s a beteg\u00e1gyakban fekv\u0151, id\u0151s vagy legyeng\u00fclt immunrendszer\u0171, eleve betegs\u00e9gekkel k\u00fcszk\u00f6d\u0151 embereket megfert\u0151zve s\u00falyos megbeteged\u00e9seket okozhatnak.<\/p>\n<p>Sokf\u00e9le van bel\u0151l\u00fck, a t\u00fcd\u0151gyullad\u00e1st, sebfert\u0151z\u00e9st, h\u00fagy\u00fati fert\u0151z\u00e9st is okoz\u00f3 MACI-t\u00f3l az MRSA nev\u0171 bakt\u00e9riumig, amely t\u00e1lyogot \u00e9s a sebek gennyez\u00e9s\u00e9t, neh\u00e9z gy\u00f3gyul\u00e1s\u00e1t okozhatja. Ut\u00f3bbi azon k\u00f3rokoz\u00f3k k\u00f6z\u00e9 tartozik, amelyek a szervezetben t\u00falszaporodva bejuthatnak a v\u00e9r\u00e1ramba, \u00e9s ak\u00e1r hal\u00e1los v\u00e9rm\u00e9rgez\u00e9st (szepszist) is okozhatnak. A gyakori k\u00f3rokoz\u00f3k k\u00f6z\u00f6tt van m\u00e9g a\u00a0<i>Clostridium difficile,<\/i>\u00a0egy b\u0171z\u00f6s, ny\u00e1lk\u00e1s hasmen\u00e9st \u00e9s ak\u00e1r s\u00falyos b\u00e9lgyullad\u00e1st okoz\u00f3 sp\u00f3ratermel\u0151 bakt\u00e9rium is, amely ellen az alkoholos k\u00e9zfert\u0151tlen\u00edt\u0151 sem hat.<\/p>\n<p>A k\u00f3rokoz\u00f3k terjedhetnek cseppfert\u0151z\u00e9ssel, sz\u00e9klettel, sebv\u00e1lad\u00e9kkal, orvosi eszk\u00f6z\u00f6k \u00fatj\u00e1n, \u00e9s nem elhanyagolhat\u00f3 m\u00e9rt\u00e9kben egy orvos, egy n\u0151v\u00e9r vagy egy l\u00e1togat\u00f3 nem kell\u0151en fert\u0151tlen\u00edtett keze \u00e1ltal. Megfelel\u0151 higi\u00e9nia hi\u00e1ny\u00e1ban k\u00f3rokoz\u00f3k lapulhatnak az orvosi eszk\u00f6z\u00f6k\u00f6n, a k\u00f3rh\u00e1zi v\u00e9c\u00e9kben, a kilincseken, a zuhanyf\u00fcgg\u00f6ny\u00f6n, az \u00e1gynem\u0171n, a n\u0151v\u00e9rh\u00edv\u00f3 gombon \u2013 szinte b\u00e1rhol. Fert\u0151z\u00e9si kock\u00e1zatot jelent minden invaz\u00edv beavatkoz\u00e1s, p\u00e9ld\u00e1ul egy m\u0171t\u00e9t, a betegb\u0151l kil\u00f3g\u00f3 cs\u0151, kat\u00e9ter, kan\u00fcl. Min\u00e9l hosszabb id\u0151t t\u00f6lt valaki k\u00f3rh\u00e1zban, ann\u00e1l val\u00f3sz\u00edn\u0171bb, hogy megfert\u0151z\u0151dik valamivel. \u00c9s ak\u00e1r bele is hal.<\/p>\n<p>Ez nemcsak Magyarorsz\u00e1gon, hanem a vil\u00e1g minden k\u00f3rh\u00e1z\u00e1ban probl\u00e9m\u00e1t okoz. \u00dajabb \u00e9s \u00fajabb szuperbakt\u00e9riumok jelennek meg \u00e9s terjednek el. A k\u00fcl\u00f6nbs\u00e9g abban \u00e1ll, hogy mit kezdenek az orsz\u00e1gok eg\u00e9szs\u00e9g\u00fcgyi rendszerei a probl\u00e9m\u00e1val: felveszik vele a harcot \u00e9s kord\u00e1ban tartj\u00e1k, vagy belenyugszanak a helyzetbe \u00e9s a sz\u0151nyeg al\u00e1 s\u00f6prik.<\/p>\n<blockquote><p>Ezen nemcsak kezel\u00e9sre elk\u00f6lt\u00f6tt milli\u00e1rdok, hanem \u00e9letek is m\u00falnak: a vil\u00e1gszerte elfogadott becsl\u00e9s szerint, ha j\u00f3l csin\u00e1lj\u00e1k a k\u00f3rh\u00e1zak, akkor a fert\u0151z\u00e9sek 20-30, bizonyos esetekben ak\u00e1r 50 sz\u00e1zal\u00e9ka is megel\u0151zhet\u0151.<\/p><\/blockquote>\n<h2><strong>Tabu volt, f\u00e9ltek, titkolt\u00e1k<\/strong><\/h2>\n<p>Sok \u00e9v er\u0151sen nyilv\u00e1noss\u00e1gellenes hozz\u00e1\u00e1ll\u00e1s\u00e1t v\u00e1ltotta most fel a ny\u00edltabb kommunik\u00e1ci\u00f3.<\/p>\n<p>Az NNGYK (illetve el\u0151dje, az \u00c1NTSZ, majd az NNK) m\u00e1r 2004 \u00f3ta gy\u0171jt adatokat a k\u00f3rh\u00e1zi fert\u0151z\u00e9sekr\u0151l, a k\u00f3rh\u00e1zaknak ugyanis minden egyes felder\u00edtett esetet be kell jelenteni\u00fck. Az NNGYK ugyanakkor \u00e9vtizedekig megel\u00e9gedett azzal, hogy a nyilv\u00e1noss\u00e1gnak csak egy orsz\u00e1gos \u00e9ves \u00f6sszes\u00edt\u00e9st k\u00e9sz\u00edtsen a helyzetr\u0151l, amelyet nemhogy \u00e9rtelmezni, de m\u00e9g a hat\u00f3s\u00e1g honlapj\u00e1n megtal\u00e1lni sem volt k\u00f6nny\u0171.<\/p>\n<blockquote><p>A 2010-es \u00e9vek k\u00f6zep\u00e9n a T\u00e1rsas\u00e1g a Szabads\u00e1gjogok\u00e9rt (TASZ) nev\u0171 civil szervezet kezdett k\u00fczdeni az\u00e9rt, hogy r\u00e9szletes, k\u00f3rh\u00e1zakra lebontott adatokat tegyenek k\u00f6zz\u00e9.<\/p><\/blockquote>\n<p>A rendszer ellen\u00e1llt, az eg\u00e9szs\u00e9g\u00fcgyi vezet\u0151k kifejezetten rossz \u00f6tletnek tartott\u00e1k, hogy mindenki megismerhesse a r\u00e9szletes adatokat, att\u00f3l tartottak, hogy megijedn\u00e9nek az emberek, ha megtudn\u00e1k, hol h\u00e1ny fert\u0151z\u00e9s t\u00f6rt\u00e9nik.<\/p>\n<p>M\u00e9g a probl\u00e9ma l\u00e9tez\u00e9s\u00e9t is alig akart\u00e1k elismerni. \u201eA magyar eg\u00e9szs\u00e9g\u00fcgyben dolgoz\u00f3kba vetett bizalmat \u00e1ss\u00e1k al\u00e1 azok a h\u00edresztel\u00e9sek, melyek szerint orvosaink \u00e9s \u00e1pol\u00f3ink nem mosnak kezet a beavatkoz\u00e1sok el\u0151tt. A magyar k\u00f3rh\u00e1zakban a betegeink biztons\u00e1gban vannak, \u00e9s minden alkalommal meg fogjuk v\u00e9deni a magyar szakemberek becs\u00fclet\u00e9t az ilyen alaptalan v\u00e1dakkal szemben\u201d \u2013 \u00edrta az Emberi Er\u0151forr\u00e1sok Miniszt\u00e9riuma egy 2016-os k\u00f6zlem\u00e9ny\u00e9ben.<\/p>\n<p>A TASZ pert ind\u00edtott az adatok\u00e9rt, \u00e9s meg is nyerte, de a kapott adatb\u00e1zissal nem tudott mit kezdeni, mert a t\u00f6bb t\u00edzezer soros t\u00e1bl\u00e1zat \u00f6nmag\u00e1ban haszn\u00e1lhatatlan volt. A Direkt36 \u00fajs\u00e1g\u00edr\u00f3i ekkor l\u00e9ptek be a t\u00f6rt\u00e9netbe. Az OCCRP (Organized Crime and Corruption Reporting Project) nev\u0171 nemzetk\u00f6zi \u00fajs\u00e1g\u00edr\u00f3-szervezet adatelemz\u0151 \u00e9s kutat\u00f3csapata seg\u00edts\u00e9g\u00e9vel siker\u00fclt kezelhet\u0151 adatb\u00e1ziss\u00e1 v\u00e1ltoztatnunk az adatokat.<\/p>\n<p>Ezzel p\u00e1rhuzamosan 2022 v\u00e9g\u00e9n megpr\u00f3b\u00e1ltunk frissebb adatokat is kik\u00e9rni az NNGYK-t\u00f3l, arra sz\u00e1m\u00edtva, hogy miut\u00e1n m\u00e1r kor\u00e1bban b\u00edr\u00f3s\u00e1g mondta ki, hogy ezeket ki kell adni, m\u00e1r csak formas\u00e1g lesz a dolog. Az NNGYK azonban megtagadta ezt, megint b\u00edr\u00f3s\u00e1gra kellett menn\u00fcnk, a TASZ jog\u00e1szai seg\u00edts\u00e9g\u00e9vel. Meg is nyert\u00fck a pert, de az NNGYK ezt sem hagyta annyiban, \u00e9s fellebbezett az \u00edt\u00e9let ellen.<\/p>\n<blockquote><p>\u201eA r\u00e9szletes, int\u00e9zm\u00e9nyre vonatkoz\u00f3 adatok k\u00f6zl\u00e9se vesz\u00e9lyeket hordozhat mag\u00e1ban \u00e9s f\u00e9lrevezetheti a lakoss\u00e1got, illetve p\u00e1cienseket\u201d \u2013 indokolt\u00e1k.<\/p><\/blockquote>\n<p>2023 \u0151sz\u00e9n v\u00e9g\u00fcl ism\u00e9t elvesz\u00edtette a pert az NNGYK, \u00edgy k\u00e9nytelen volt nyilv\u00e1noss\u00e1gra hozni az adatb\u00e1zisait.<\/p>\n<p>Ezeket azonban m\u00e9g elemezni kellett, ami egy sor akad\u00e1lyba \u00fctk\u00f6z\u00f6tt. A Direkt36 \u00edgy az orsz\u00e1g egyik legelismertebb biostatisztikusa, Ferenci Tam\u00e1s seg\u00edts\u00e9g\u00e9t k\u00e9rte, aki hosszas munk\u00e1val kidolgozott egy egyed\u00fcl\u00e1ll\u00f3 statisztikai modellt, amely igyekezett kisz\u0171rni a betegek \u00e9s az egyes k\u00f3rh\u00e1zak k\u00fcl\u00f6nb\u00f6z\u0151s\u00e9gei okozta torz\u00edt\u00e1sokat, \u00e9s \u00edgy lehet\u0151v\u00e9 tette az egyes k\u00f3rh\u00e1zak teljes\u00edtm\u00e9ny\u00e9nek objekt\u00edv \u00e9rt\u00e9kel\u00e9s\u00e9t \u00e9s \u00f6sszehasonl\u00edt\u00e1s\u00e1t.<\/p>\n<p>Ferenci az\u00e9rt seg\u00edtett, mert szerinte \u201ea k\u00f3rh\u00e1zi fert\u0151z\u00e9sek adatainak r\u00e9szletes elemz\u00e9se seg\u00edti a jav\u00edt\u00e1si lehet\u0151s\u00e9gek felt\u00e1r\u00e1s\u00e1t \u00e9s motiv\u00e1l a jobb teljes\u00edtm\u00e9nyre\u201d. \u201eAbban van igazs\u00e1g, hogy az ilyen rangsorok bajt is okozhatnak, ha a nagyk\u00f6z\u00f6ns\u00e9g nem helyesen \u00e9rtelmezn\u00e9 a sz\u00e1mokat, de erre nem az a v\u00e1lasz, hogy akkor nem k\u00e9sz\u00edt\u00fcnk ilyet, hanem az, hogy j\u00f3l k\u00e9sz\u00edt\u00fcnk ilyet: p\u00e9ld\u00e1ul megfelel\u0151 magyar\u00e1zatokkal ell\u00e1tott, kontextusba helyezett, a sz\u00fcks\u00e9ges statisztikai korrekci\u00f3kkal ell\u00e1tott eredm\u00e9nyeket k\u00f6zl\u00fcnk\u201d \u2013 mondta.<\/p>\n<p>Ferenci a sz\u00e1m\u00edt\u00e1saihoz a fert\u0151z\u00e9ssz\u00e1mok mellett egy sor fontos t\u00e9nyez\u0151t is figyelembe vett, \u00e9s ezek seg\u00edts\u00e9g\u00e9vel korrig\u00e1lta az adatokat. P\u00e9ld\u00e1ul a k\u00f3rh\u00e1zak elt\u00e9r\u0151 betegforgalm\u00e1t, s\u0151t a k\u00f3rh\u00e1zak k\u00fcl\u00f6nb\u00f6z\u0151 oszt\u00e1lyaib\u00f3l fakad\u00f3 k\u00fcl\u00f6nbs\u00e9geket, valamint egy case-mix index nev\u0171 nyilv\u00e1nos mutat\u00f3 be\u00e9p\u00edt\u00e9s\u00e9vel m\u00e9g a k\u00f3rh\u00e1zakba ker\u00fcl\u0151 betegek k\u00fcl\u00f6nb\u00f6z\u0151s\u00e9geit is figyelembe vette. \u00cdgy v\u00e9gs\u0151 soron a k\u00f3rh\u00e1zak teljes\u00edtm\u00e9ny\u00e9r\u0151l kapott k\u00e9pet az, aki a Direkt36 cikkeiben megjelent k\u00f3rh\u00e1zi rangsorokat b\u00f6ng\u00e9szte. Az eredm\u00e9nyek\u00a0<a href=\"https:\/\/www.direkt36.hu\/eddig-titok-volt-hogyan-allnak-a-magyar-korhazak-a-fertozesekkel-a-direkt36-elkeszitette-es-most-kozzeteszi-a-rangsorukat\/\" target=\"_blank\" rel=\"noopener\">ebben a cikkben<\/a>\u00a0l\u00e1that\u00f3k, ahol r\u00e9szletes vide\u00f3s \u00e9s sz\u00f6veges magyar\u00e1zat is megtal\u00e1lhat\u00f3 Ferenci m\u00f3dszer\u00e9r\u0151l.<\/p>\n<p>A rangsor m\u00f6g\u00f6tti helyzetet el is magyar\u00e1ztuk: t\u00f6bb mint harminc interj\u00fat \u00e9s h\u00e1tt\u00e9rbesz\u00e9lget\u00e9st k\u00e9sz\u00edtett\u00fcnk, sok sz\u00e1z oldalnyi szakmai anyagot b\u00f6ng\u00e9szt\u00fcnk \u00e1t. Egyes k\u00f3rh\u00e1zak helyzet\u00e9t k\u00f6zelr\u0151l is bemutattuk \u00e9s m\u00e1s orsz\u00e1gok gyakorlat\u00e1nak is ut\u00e1nan\u00e9zt\u00fcnk. A nyomoz\u00e1s \u00e9s az adatelemz\u00e9s t\u00f6bb mint egy \u00e9vig tartott, \u00e9s egy\u202f2023-as\u00a0<a href=\"https:\/\/www.direkt36.hu\/category\/korhazi-fertozesek\/\" target=\"_blank\" rel=\"noopener\">cikksorozat<\/a>\u00a0mellett\u00a0<a href=\"https:\/\/youtu.be\/UsL_mLTMXQs?si=XHBJA2FMTQ2poyuy\" target=\"_blank\" rel=\"noopener\"><i>Mossuk kezeinket<\/i>\u00a0c\u00edmmel<\/a>\u00a0dokumentumfilmet is k\u00e9sz\u00edtett\u00fcnk r\u00f3la.<\/p>\n<blockquote><p>A cikkekben \u00e9s a filmben is nyilatkozott Heged\u0171s Zsolt ortop\u00e9d szakorvos, aki jelenleg a Tisza-korm\u00e1ny eg\u00e9szs\u00e9g\u00fcgyi minisztere\u00a0<i>(akkor m\u00e9g mai form\u00e1j\u00e1ban nem l\u00e9tezett a Tisza P\u00e1rt, \u00e9s m\u00e9g Magyar P\u00e9ter sem l\u00e9pett sz\u00ednre)<\/i>. Egyebek k\u00f6z\u00f6tt azt hangs\u00falyozta, hogy \u201em\u00e9g mindig nem tesz\u00fcnk eleget Semmelweis Ign\u00e1c haz\u00e1j\u00e1ban, hogy egy egyszer\u0171 k\u00e9zmos\u00e1ssal megv\u00e9dj\u00fck a betegeinket a fert\u0151z\u00e9sekt\u0151l\u201d.<\/p><\/blockquote>\n<p>Hangs\u00falyozta, hogy ember\u00e9letek m\u00falnak azon, hogy mennyire veszi komolyan az eg\u00e9szs\u00e9g\u00fcgy a fert\u0151z\u00e9smegel\u0151z\u00e9st. A fert\u0151z\u00f6ttek kezel\u00e9se pedig sz\u00e1zmilli\u00f3kba ker\u00fcl, amit meg lehetne sp\u00f3rolni. \u201e\u00c9s ez a sz\u0151nyeg al\u00e1 van s\u00f6p\u00f6rve Magyarorsz\u00e1gon. Sz\u00e9gyen \u00e9s gyal\u00e1zat\u201d \u2013 fogalmazott akkor.<\/p>\n<p>A cikkek \u00e9s a film megjelen\u00e9se ut\u00e1n \u00e9l\u00e9nk k\u00f6z\u00e9leti \u00e9s szakmai vita kezd\u0151d\u00f6tt a k\u00f3rh\u00e1zi fert\u0151z\u00e9sekr\u0151l \u00e9s az adatok elemezhet\u0151s\u00e9g\u00e9r\u0151l. A Semmelweis Projekt nevet kapott cikksorozatunk 2024-ben elnyerte a legrangosabb hazai t\u00e9nyfelt\u00e1r\u00f3 \u00fajs\u00e1g\u00edr\u00f3i munk\u00e1knak j\u00e1r\u00f3 Transparency-Soma D\u00edjat, valamint az Eur\u00f3pai Sajt\u00f3d\u00edj shortlistj\u00e9re is felker\u00fclt.<\/p>\n<div class=\"placeholder technical-embed\">\n<div class=\"direkt__36\"><\/div>\n<div class=\"direkt--donate__txt\">A Direkt36 legfontosabb bev\u00e9teli forr\u00e1sa az olvas\u00f3k \u00e1ltal ny\u00fajtott anyagi t\u00e1mogat\u00e1s. Ez is a garanci\u00e1ja annak, hogy a t\u00e9nyfelt\u00e1r\u00f3 \u00fajs\u00e1g\u00edr\u00f3k mindenf\u00e9le politikai vagy gazdas\u00e1gi befoly\u00e1s n\u00e9lk\u00fcl tudnak dolgozni. Kattints ide, ismerd meg a Direkt36 c\u00e9ljait, m\u00f3dszereit, csapat\u00e1t &#8211; \u00e9s ha fontosnak tartod, hogy kider\u00fclj\u00f6n az igazs\u00e1g, legy\u00e9l te is a Direkt36 t\u00e1mogat\u00f3ja!<span class=\"direkt__button\">R\u00e9szletek \u2192<\/span><\/div>\n<\/div>\n<p>Munk\u00e1nk eredm\u00e9nyeire \u00e9s a felmer\u00fcl\u0151 k\u00e9rd\u00e9sekre minden \u00e9rintett k\u00f3rh\u00e1zat, valamint az NNGYK-t is megpr\u00f3b\u00e1ltunk reag\u00e1ltatni. A k\u00f3rh\u00e1zak t\u00f6bbs\u00e9ge akkor egy\u00e1ltal\u00e1n nem reag\u00e1lt, az NNGYK pedig \u2013 kitartva kor\u00e1bbi \u00e1ll\u00e1spontja mellett \u2013 azt \u00edrta, hogy mivel a k\u00f3rh\u00e1zak \u00e9s a betegeik k\u00fcl\u00f6nb\u00f6z\u0151ek, szerint\u00fck \u201eaz eg\u00e9szs\u00e9g\u00fcgyi ell\u00e1t\u00e1ssal \u00f6sszef\u00fcgg\u0151 fert\u0151z\u00e9sekr\u0151l k\u00e9sz\u00fclt jelent\u00e9sek \u00f6sszehasonl\u00edt\u00e1sra alkalmatlanok, az int\u00e9zm\u00e9nyek b\u00e1rmely sorrendbe rendez\u00e9se \u00e9rtelmetlen\u201d.<\/p>\n<h2><strong>Teljes fordulat<\/strong><\/h2>\n<p>Az NNGYK hozz\u00e1\u00e1ll\u00e1sa a korm\u00e1nyv\u00e1lt\u00e1s \u00e9s Heged\u0171s miniszteri kinevez\u00e9se ut\u00e1n v\u00e1ltozott meg. A m\u00e1r eml\u00edtett 2026. m\u00e1jusi korm\u00e1nyhat\u00e1rozat k\u00f6telezte arra az int\u00e9zm\u00e9nyt, hogy oldja meg az adatok nyilv\u00e1noss\u00e1gra hoz\u00e1s\u00e1t \u00fagy, hogy azok k\u00f6nnyen \u00e9rthet\u0151k legyenek. Ez a fel\u00e1ll\u00f3 \u00faj miniszt\u00e9rium egyik els\u0151 int\u00e9zked\u00e9se volt.<\/p>\n<p>Ezt k\u00f6vet\u0151en indult el rohamtemp\u00f3ban az NNGYK-ban a munka, hogy az elm\u00falt \u00e9vek adatait (2025-ig) k\u00f6zz\u00e9 tudj\u00e1k tenni. Az adatok elemz\u00e9s\u00e9t Surj\u00e1n Gy\u00f6rgy, az NNGYK eg\u00e9szs\u00e9gmonitoroz\u00e1si f\u0151oszt\u00e1ly\u00e1nak vezet\u0151je v\u00e9gezte, a munk\u00e1ba bevonva Ferenci Tam\u00e1st is, aki az egyik sajt\u00f3t\u00e1j\u00e9koztat\u00f3n ironiz\u00e1lva \u00fagy fogalmazott, hogy a \u201erebellis oldalr\u00f3l\u201d \u00e1t\u00fclt a m\u00e1sikra. \u0150k ketten dolgozt\u00e1k ki azt az \u00fagynevezett kock\u00e1zatkiigaz\u00edt\u00e1si modellt, amely a magyar viszonyokra van kital\u00e1lva, \u00e9s egy sor, az adatelemz\u00e9st torz\u00edt\u00f3 t\u00e9nyez\u0151t igyekszik korrig\u00e1lni.<\/p>\n<p>P\u00e9ld\u00e1ul azt, hogy a k\u00f3rh\u00e1zak nagyon sokf\u00e9le beteget l\u00e1tnak el, akik a k\u00fcl\u00f6nb\u00f6z\u0151 \u00e1llapotuk miatt jobban vagy kev\u00e9sb\u00e9 fog\u00e9konyak a fert\u0151z\u00e9sekre. Vagyis musz\u00e1j a betegek k\u00f6z\u00f6tti k\u00fcl\u00f6nbs\u00e9geket kisz\u0171rni ahhoz, hogy valid adatelemz\u00e9s sz\u00fclethessen. Surj\u00e1n \u00e9s Ferenci ehhez egy nem nyilv\u00e1nos adatb\u00e1zist, az \u00fagynevezett homog\u00e9n betegs\u00e9gcsoportokr\u00f3l gy\u0171jt\u00f6tt adatokat haszn\u00e1lta fel, amelyek mintegy 750 k\u00fcl\u00f6nb\u00f6z\u0151 csoportba sorolj\u00e1k a k\u00f3rh\u00e1zi betegeket. Ezek seg\u00edts\u00e9g\u00e9vel hozt\u00e1k l\u00e9tre az a mutat\u00f3t, amely figyelembe tudja venni a k\u00f3rh\u00e1zak betegeinek \u00f6sszet\u00e9tel\u00e9t. Az int\u00e9zm\u00e9nyeket pedig h\u00e1rom csoportba sorolt\u00e1k aszerint, hogy \u2013 leegyszer\u0171s\u00edtve \u2013 mennyire s\u00falyos eseteket l\u00e1tnak el, \u00e9s mennyire komplex ell\u00e1t\u00e1st ny\u00fajtanak. Nagy k\u00fcl\u00f6nbs\u00e9g van ugyanis egy n\u00e9h\u00e1ny kisebb oszt\u00e1llyal m\u0171k\u00f6d\u0151 kisv\u00e1rosi k\u00f3rh\u00e1z \u00e9s mondjuk egy bonyolult beavatkoz\u00e1sok sor\u00e1t v\u00e9gz\u0151, nagy egyetemi k\u00f3rh\u00e1z k\u00f6z\u00f6tt. (<i>Ferenci k\u00e9sz\u00edtett egy r\u00e9szletes magyar\u00e1zatot is arra, hogyan \u00e9p\u00fcl fel a modellj\u00fck \u00e9s milyen buktat\u00f3kat kell elker\u00fclni a sz\u00e1mok \u00e9rtelmez\u00e9sekor. Ezt az adatokat bemutat\u00f3 oldalon szint\u00e9n k\u00f6zz\u00e9tett\u00e9k,\u00a0<\/i><a href=\"https:\/\/jarvpub.nngyk.gov.hu\/uploads\/SIR_modszertan_CDI_HBCS_76bffab6a4.pdf\" target=\"_blank\" rel=\"noopener\"><i>itt lehet elolvasni<\/i><\/a><i>.)<\/i><\/p>\n<p>Ez a statisztikai modell ugyan sokkal finomabb \u00e9s r\u00e9szletgazdagabb sz\u00e1m\u00edt\u00e1sokon alapszik, de nagyon hasonl\u00edt arra, amit \u00e9vekkel ezel\u0151tt Ferenci dolgozott ki a Direkt36-nak seg\u00edtve \u2013 \u00e9s amit annak idej\u00e9n az NNGYK f\u00e9lrevezet\u0151nek nevezett. Az int\u00e9zm\u00e9ny legf\u0151bb kifog\u00e1sa \u2013 ahogy fentebb id\u00e9zt\u00fck \u2013 az volt, hogy szerint\u00fck nem lehet \u00e9s nem szabad rangsorolni a k\u00f3rh\u00e1zakat egym\u00e1shoz k\u00e9pest, mert az kontraprodukt\u00edv \u00e9s k\u00e1rokat okoz. Ezt az elm\u00falt h\u00f3napban tartott sajt\u00f3t\u00e1j\u00e9koztat\u00f3kon is t\u00f6bbsz\u00f6r kihangs\u00falyozt\u00e1k, vagyis ebben nem v\u00e1ltozott az \u00e1ll\u00e1spontjuk.<\/p>\n<p>Ferenci \u00e9s Surj\u00e1n \u00faj modellj\u00e9nek az eredm\u00e9nyei is\u00a0<a href=\"https:\/\/jarvpub.nngyk.gov.hu\/hu\/egeszsegugyi-fertozesek-es-jarvanyok\" target=\"_blank\" rel=\"noopener\">l\u00e1that\u00f3k az interakt\u00edv fel\u00fcleten<\/a>\u00a0k\u00f3rh\u00e1zank\u00e9nt. A mutat\u00f3b\u00f3l k\u00f6nny\u0171 leolvasni, hogy az egyes int\u00e9zm\u00e9nyek az \u00e1tlaghoz \u2013 \u00e9s saj\u00e1t kor\u00e1bbi helyzet\u00fckh\u00f6z \u2013 k\u00e9pest hogyan \u00e1llnak. A c\u00e9l alapvet\u0151en az anom\u00e1li\u00e1k kisz\u0171r\u00e9se: az \u00e1tlagt\u00f3l nagyon elt\u00e9r\u0151, kiugr\u00f3 adatok eset\u00e9ben \u00e9rdemes a k\u00f3rh\u00e1zaknak megn\u00e9zni\u00fck, mi \u00e1ll a h\u00e1tt\u00e9rben, \u00e9s ha valamilyen hib\u00e1t azonos\u00edtanak, akkor tudnak jav\u00edtani rajta. A kiugr\u00f3 elt\u00e9r\u00e9sek ugyanakkor azt is jelenthetik, hogy az adott int\u00e9zm\u00e9ny valamit nagyon j\u00f3l csin\u00e1l, p\u00e9ld\u00e1ul az \u00e1tlagn\u00e1l sokkal t\u00f6bb esetet k\u00e9pes felkutatni, vagy hat\u00e9konyabban el\u0151zi meg a fert\u0151z\u00e9seket.<\/p>\n<blockquote><p>Az orsz\u00e1gos tisztif\u0151orvos szerint a k\u00f6zz\u00e9tett adatokkal \u201ef\u00e9lelmet nem szeretn\u00e9nk kelteni, abban nincs semmi el\u0151remutat\u00f3\u201d.<\/p><\/blockquote>\n<p>Ehelyett azt szeretn\u00e9, ha ak\u00e1r r\u00f6vid t\u00e1von is siker\u00fclne megel\u0151zni a fert\u0151z\u00e9sek 20-30 sz\u00e1zal\u00e9k\u00e1t, ezt ugyanis re\u00e1lis c\u00e9lnak tartja. Az els\u0151 egy-k\u00e9t \u00e9vben azonban sz\u00e1m\u00edtani lehet arra, hogy m\u00e9g n\u00f6vekedni fog a fert\u0151z\u00e9sek sz\u00e1ma a k\u00f3rh\u00e1zakban \u2013 ennek paradox m\u00f3don m\u00e9g \u00f6r\u00fcln\u00e9nek is az NNGYK szakemberei, mert ez azt jelenten\u00e9, hogy az int\u00e9zm\u00e9nyek elkezdt\u00e9k nagyobb hat\u00e9konys\u00e1ggal felkutatni \u00e9s bejelenteni a fert\u0151z\u00e9seket.<\/p>\n<p>Fontos k\u00e9rd\u00e9s ugyanis, hogy eddig az adatok mennyire voltak megb\u00edzhat\u00f3k. Lehets\u00e9ges, hogy egyes k\u00f3rh\u00e1zak nem jelentett\u00e9k be az \u00f6sszes megtal\u00e1lt fert\u0151z\u00e9st az NNGYK-nak, m\u00edg m\u00e1sok lehet, hogy meg sem tal\u00e1lt\u00e1k egy r\u00e9sz\u00fcket, mert t\u00fal kev\u00e9s laborat\u00f3riumi vizsg\u00e1latot v\u00e9geztek. Az \u00faj adatb\u00e1zisban ez\u00e9rt erre vonatkoz\u00f3 sz\u00e1mokat is lehet tal\u00e1lni: a levett sz\u00e9kletmint\u00e1k, illetve v\u00e9rvizsg\u00e1latok ar\u00e1ny\u00e1b\u00f3l ugyanis arra is lehet k\u00f6vetkeztetni, hogy az adott k\u00f3rh\u00e1z mennyit tesztel a fert\u0151z\u00e9sekre. El\u0151fordulhat, hogy egyes k\u00f3rh\u00e1zak pap\u00edron rosszabbul teljes\u00edtenek, mint m\u00e1sok, pedig lehet, hogy ezek az int\u00e9zm\u00e9nyek csak hat\u00e9konyabban der\u00edtik fel a fert\u0151z\u00e9seket, vagyis v\u00e9gs\u0151 soron jobban v\u00e9gzik a munk\u00e1jukat.<\/p>\n<p><a href=\"https:\/\/www.direkt36.hu\/tamogass-minket\/\">Csatlakozz a Direkt36 t\u00e1mogat\u00f3i k\u00f6r\u00e9hez, \u00e9s betekint\u00e9st kapsz a t\u00e9nyfelt\u00e1r\u00e1sba!<\/a><\/p>\n<p>Oroszi Beatrix szerd\u00e1n azt is mondta, hogy amit most k\u00f6zz\u00e9tesznek, az vil\u00e1gszinten is egyed\u00fcl\u00e1ll\u00f3 \u2013 ak\u00e1r az adatb\u0151s\u00e9get, ak\u00e1r a felhaszn\u00e1l\u00f3bar\u00e1t interakt\u00edv fel\u00fcletet, ak\u00e1r a sz\u00e1m\u00edt\u00e1si m\u00f3dszereket n\u00e9zz\u00fck.<\/p>\n<p><i>Az adatb\u00e1zis\u00a0<\/i><a href=\"https:\/\/jarvpub.nngyk.gov.hu\/hu\/egeszsegugyi-fertozesek-es-jarvanyok\" target=\"_blank\" rel=\"noopener\"><i>az NNGYK honlapj\u00e1r\u00f3l \u00e9rhet\u0151 el<\/i><\/a><i>. A r\u00e9szletekkel k\u00e9s\u0151bb k\u00fcl\u00f6n cikkben jelentkez\u00fcnk.<\/i><\/p>\n<p><em>Az illusztr\u00e1ci\u00f3 forr\u00e1sa: Szarvas\/Telex<\/em><\/p>","protected":false},"excerpt":{"rendered":"<p class=\"qtranxs-available-languages-message qtranxs-available-languages-message-en\">Sorry, this entry is only available in <a href=\"https:\/\/www.direkt36.hu\/hu\/wp-json\/wp\/v2\/posts\/13324\" class=\"qtranxs-available-language-link qtranxs-available-language-link-hu\" title=\"Magyar\">Hungarian<\/a>.<\/p>\n<p>A kor\u00e1bbi titkol\u00f3z\u00e1shoz k\u00e9pest teljes fordulatot v\u00e9ve a Nemzeti N\u00e9peg\u00e9szs\u00e9g\u00fcgyi \u00e9s Gy\u00f3gyszer\u00e9szeti K\u00f6zpont p\u00e9ntek reggelre nyilv\u00e1noss\u00e1gra hozza \u00e9s egy interakt\u00edv fel\u00fcleten kereshet\u0151v\u00e9 teszi a k\u00f3rh\u00e1zi fert\u0151z\u00e9sek adatb\u00e1zis\u00e1t. Ezek a fert\u0151z\u00e9sek \u00e9vente k\u00f3rh\u00e1zi betegek ezreinek okoznak felesleges szenved\u00e9st \u00e9s s\u00falyos sz\u00f6v\u0151dm\u00e9nyeket, de eddig nem siker\u00fclt visszaszor\u00edtani a terjed\u00e9s\u00fcket.<\/p>\n","protected":false},"author":24,"featured_media":10511,"comment_status":"closed","ping_status":"closed","sticky":false,"template":"single-telex.php","format":"standard","meta":{"footnotes":""},"categories":[8,579],"tags":[747,595],"ppma_author":[558],"aioseo_notices":[],"aioseo_head":"\n\t\t<!-- All in One SEO 4.9.10 - aioseo.com -->\n\t<meta name=\"description\" content=\"A kor\u00e1bbi titkol\u00f3z\u00e1shoz k\u00e9pest teljes fordulatot v\u00e9ve a Nemzeti N\u00e9peg\u00e9szs\u00e9g\u00fcgyi \u00e9s Gy\u00f3gyszer\u00e9szeti K\u00f6zpont p\u00e9ntek reggelre nyilv\u00e1noss\u00e1gra hozza \u00e9s egy interakt\u00edv fel\u00fcleten kereshet\u0151v\u00e9 teszi a k\u00f3rh\u00e1zi fert\u0151z\u00e9sek adatb\u00e1zis\u00e1t. Ezek a fert\u0151z\u00e9sek \u00e9vente k\u00f3rh\u00e1zi betegek ezreinek okoznak felesleges szenved\u00e9st \u00e9s s\u00falyos sz\u00f6v\u0151dm\u00e9nyeket, de eddig nem siker\u00fclt visszaszor\u00edtani a terjed\u00e9s\u00fcket.\" \/>\n\t<meta name=\"robots\" content=\"max-image-preview:large\" \/>\n\t<meta name=\"author\" content=\"Zsuzsanna Wirth\"\/>\n\t<link rel=\"canonical\" href=\"https:\/\/www.direkt36.hu\/en\/most-kiderul-hogy-allnak-a-korhazak-a-fertozesekkel\/\" \/>\n\t<meta name=\"generator\" content=\"All in One SEO (AIOSEO) 4.9.10\" \/>\n\t\t<meta property=\"og:locale\" content=\"en_US\" \/>\n\t\t<meta property=\"og:site_name\" content=\"Direkt36 - Direkt36 is a non-profit investigative journalism center with the mission to hold powerful people and institutions accountable.\" \/>\n\t\t<meta property=\"og:type\" content=\"article\" \/>\n\t\t<meta property=\"og:title\" content=\"(Magyar) Most kider\u00fcl, hogy \u00e1llnak a k\u00f3rh\u00e1zak a fert\u0151z\u00e9sekkel - Direkt36\" \/>\n\t\t<meta property=\"og:description\" content=\"A kor\u00e1bbi titkol\u00f3z\u00e1shoz k\u00e9pest teljes fordulatot v\u00e9ve a Nemzeti N\u00e9peg\u00e9szs\u00e9g\u00fcgyi \u00e9s Gy\u00f3gyszer\u00e9szeti K\u00f6zpont p\u00e9ntek reggelre nyilv\u00e1noss\u00e1gra hozza \u00e9s egy interakt\u00edv fel\u00fcleten kereshet\u0151v\u00e9 teszi a k\u00f3rh\u00e1zi fert\u0151z\u00e9sek adatb\u00e1zis\u00e1t. Ezek a fert\u0151z\u00e9sek \u00e9vente k\u00f3rh\u00e1zi betegek ezreinek okoznak felesleges szenved\u00e9st \u00e9s s\u00falyos sz\u00f6v\u0151dm\u00e9nyeket, de eddig nem siker\u00fclt visszaszor\u00edtani a terjed\u00e9s\u00fcket.\" \/>\n\t\t<meta property=\"og:url\" content=\"https:\/\/www.direkt36.hu\/en\/most-kiderul-hogy-allnak-a-korhazak-a-fertozesekkel\/\" \/>\n\t\t<meta property=\"og:image\" content=\"https:\/\/www.direkt36.hu\/wp-content\/uploads\/2023\/10\/semmelweis_1.jpg\" \/>\n\t\t<meta property=\"og:image:secure_url\" content=\"https:\/\/www.direkt36.hu\/wp-content\/uploads\/2023\/10\/semmelweis_1.jpg\" \/>\n\t\t<meta property=\"og:image:width\" content=\"2250\" \/>\n\t\t<meta property=\"og:image:height\" content=\"1500\" \/>\n\t\t<meta property=\"article:published_time\" content=\"2026-09-04T06:53:17+00:00\" \/>\n\t\t<meta property=\"article:modified_time\" content=\"2026-09-04T07:54:26+00:00\" \/>\n\t\t<meta name=\"twitter:card\" content=\"summary_large_image\" \/>\n\t\t<meta name=\"twitter:title\" content=\"(Magyar) Most kider\u00fcl, hogy \u00e1llnak a k\u00f3rh\u00e1zak a fert\u0151z\u00e9sekkel - Direkt36\" \/>\n\t\t<meta name=\"twitter:description\" content=\"A kor\u00e1bbi titkol\u00f3z\u00e1shoz k\u00e9pest teljes fordulatot v\u00e9ve a Nemzeti N\u00e9peg\u00e9szs\u00e9g\u00fcgyi \u00e9s Gy\u00f3gyszer\u00e9szeti K\u00f6zpont p\u00e9ntek reggelre nyilv\u00e1noss\u00e1gra hozza \u00e9s egy interakt\u00edv fel\u00fcleten kereshet\u0151v\u00e9 teszi a k\u00f3rh\u00e1zi fert\u0151z\u00e9sek adatb\u00e1zis\u00e1t. Ezek a fert\u0151z\u00e9sek \u00e9vente k\u00f3rh\u00e1zi betegek ezreinek okoznak felesleges szenved\u00e9st \u00e9s s\u00falyos sz\u00f6v\u0151dm\u00e9nyeket, de eddig nem siker\u00fclt visszaszor\u00edtani a terjed\u00e9s\u00fcket.\" \/>\n\t\t<meta name=\"twitter:image\" content=\"https:\/\/www.direkt36.hu\/wp-content\/uploads\/2023\/10\/semmelweis_1.jpg\" \/>\n\t\t<script type=\"application\/ld+json\" class=\"aioseo-schema\">\n\t\t\t{\"@context\":\"https:\\\/\\\/schema.org\",\"@graph\":[{\"@type\":\"BlogPosting\",\"@id\":\"https:\\\/\\\/www.direkt36.hu\\\/en\\\/most-kiderul-hogy-allnak-a-korhazak-a-fertozesekkel\\\/#blogposting\",\"name\":\"(Magyar) Most kider\\u00fcl, hogy \\u00e1llnak a k\\u00f3rh\\u00e1zak a fert\\u0151z\\u00e9sekkel - Direkt36\",\"headline\":\"(Magyar) Most kider\\u00fcl, hogy \\u00e1llnak a k\\u00f3rh\\u00e1zak a fert\\u0151z\\u00e9sekkel\",\"author\":{\"@id\":\"https:\\\/\\\/www.direkt36.hu\\\/en\\\/author\\\/zsuzsi\\\/#author\"},\"publisher\":{\"@id\":\"https:\\\/\\\/www.direkt36.hu\\\/en\\\/#organization\"},\"image\":{\"@type\":\"ImageObject\",\"url\":\"https:\\\/\\\/www.direkt36.hu\\\/wp-content\\\/uploads\\\/2023\\\/10\\\/semmelweis_1.jpg\",\"width\":2250,\"height\":1500},\"datePublished\":\"2026-09-04T08:53:17+02:00\",\"dateModified\":\"2026-09-04T09:54:26+02:00\",\"inLanguage\":\"en-US\",\"mainEntityOfPage\":{\"@id\":\"https:\\\/\\\/www.direkt36.hu\\\/en\\\/most-kiderul-hogy-allnak-a-korhazak-a-fertozesekkel\\\/#webpage\"},\"isPartOf\":{\"@id\":\"https:\\\/\\\/www.direkt36.hu\\\/en\\\/most-kiderul-hogy-allnak-a-korhazak-a-fertozesekkel\\\/#webpage\"},\"articleSection\":\"Direkt36, Hospital-acquired infections, k\\u00f3rh\\u00e1zi fert\\u0151z\\u00e9s, Hospital-acquired infections, Zsuzsanna Wirth\"},{\"@type\":\"BreadcrumbList\",\"@id\":\"https:\\\/\\\/www.direkt36.hu\\\/en\\\/most-kiderul-hogy-allnak-a-korhazak-a-fertozesekkel\\\/#breadcrumblist\",\"itemListElement\":[{\"@type\":\"ListItem\",\"@id\":\"https:\\\/\\\/www.direkt36.hu\\\/en#listItem\",\"position\":1,\"name\":\"Home\",\"item\":\"https:\\\/\\\/www.direkt36.hu\\\/en\",\"nextItem\":{\"@type\":\"ListItem\",\"@id\":\"https:\\\/\\\/www.direkt36.hu\\\/en\\\/category\\\/direkt36\\\/#listItem\",\"name\":\"Direkt36\"}},{\"@type\":\"ListItem\",\"@id\":\"https:\\\/\\\/www.direkt36.hu\\\/en\\\/category\\\/direkt36\\\/#listItem\",\"position\":2,\"name\":\"Direkt36\",\"item\":\"https:\\\/\\\/www.direkt36.hu\\\/en\\\/category\\\/direkt36\\\/\",\"nextItem\":{\"@type\":\"ListItem\",\"@id\":\"https:\\\/\\\/www.direkt36.hu\\\/en\\\/most-kiderul-hogy-allnak-a-korhazak-a-fertozesekkel\\\/#listItem\",\"name\":\"(Magyar) Most kider\\u00fcl, hogy \\u00e1llnak a k\\u00f3rh\\u00e1zak a fert\\u0151z\\u00e9sekkel\"},\"previousItem\":{\"@type\":\"ListItem\",\"@id\":\"https:\\\/\\\/www.direkt36.hu\\\/en#listItem\",\"name\":\"Home\"}},{\"@type\":\"ListItem\",\"@id\":\"https:\\\/\\\/www.direkt36.hu\\\/en\\\/most-kiderul-hogy-allnak-a-korhazak-a-fertozesekkel\\\/#listItem\",\"position\":3,\"name\":\"(Magyar) Most kider\\u00fcl, hogy \\u00e1llnak a k\\u00f3rh\\u00e1zak a fert\\u0151z\\u00e9sekkel\",\"previousItem\":{\"@type\":\"ListItem\",\"@id\":\"https:\\\/\\\/www.direkt36.hu\\\/en\\\/category\\\/direkt36\\\/#listItem\",\"name\":\"Direkt36\"}}]},{\"@type\":\"Organization\",\"@id\":\"https:\\\/\\\/www.direkt36.hu\\\/en\\\/#organization\",\"name\":\"Direkt 36\",\"description\":\"Direkt36 is a non-profit investigative journalism center with the mission to hold powerful people and institutions accountable.\",\"url\":\"https:\\\/\\\/www.direkt36.hu\\\/en\\\/\"},{\"@type\":\"Person\",\"@id\":\"https:\\\/\\\/www.direkt36.hu\\\/en\\\/author\\\/zsuzsi\\\/#author\",\"url\":\"https:\\\/\\\/www.direkt36.hu\\\/en\\\/author\\\/zsuzsi\\\/\",\"name\":\"Zsuzsanna Wirth\"},{\"@type\":\"WebPage\",\"@id\":\"https:\\\/\\\/www.direkt36.hu\\\/en\\\/most-kiderul-hogy-allnak-a-korhazak-a-fertozesekkel\\\/#webpage\",\"url\":\"https:\\\/\\\/www.direkt36.hu\\\/en\\\/most-kiderul-hogy-allnak-a-korhazak-a-fertozesekkel\\\/\",\"name\":\"(Magyar) Most kider\\u00fcl, hogy \\u00e1llnak a k\\u00f3rh\\u00e1zak a fert\\u0151z\\u00e9sekkel - Direkt36\",\"description\":\"A kor\\u00e1bbi titkol\\u00f3z\\u00e1shoz k\\u00e9pest teljes fordulatot v\\u00e9ve a Nemzeti N\\u00e9peg\\u00e9szs\\u00e9g\\u00fcgyi \\u00e9s Gy\\u00f3gyszer\\u00e9szeti K\\u00f6zpont p\\u00e9ntek reggelre nyilv\\u00e1noss\\u00e1gra hozza \\u00e9s egy interakt\\u00edv fel\\u00fcleten kereshet\\u0151v\\u00e9 teszi a k\\u00f3rh\\u00e1zi fert\\u0151z\\u00e9sek adatb\\u00e1zis\\u00e1t. Ezek a fert\\u0151z\\u00e9sek \\u00e9vente k\\u00f3rh\\u00e1zi betegek ezreinek okoznak felesleges szenved\\u00e9st \\u00e9s s\\u00falyos sz\\u00f6v\\u0151dm\\u00e9nyeket, de eddig nem siker\\u00fclt visszaszor\\u00edtani a terjed\\u00e9s\\u00fcket.\",\"inLanguage\":\"en-US\",\"isPartOf\":{\"@id\":\"https:\\\/\\\/www.direkt36.hu\\\/en\\\/#website\"},\"breadcrumb\":{\"@id\":\"https:\\\/\\\/www.direkt36.hu\\\/en\\\/most-kiderul-hogy-allnak-a-korhazak-a-fertozesekkel\\\/#breadcrumblist\"},\"author\":{\"@id\":\"https:\\\/\\\/www.direkt36.hu\\\/en\\\/author\\\/zsuzsi\\\/#author\"},\"creator\":{\"@id\":\"https:\\\/\\\/www.direkt36.hu\\\/en\\\/author\\\/zsuzsi\\\/#author\"},\"image\":{\"@type\":\"ImageObject\",\"url\":\"https:\\\/\\\/www.direkt36.hu\\\/wp-content\\\/uploads\\\/2023\\\/10\\\/semmelweis_1.jpg\",\"@id\":\"https:\\\/\\\/www.direkt36.hu\\\/en\\\/most-kiderul-hogy-allnak-a-korhazak-a-fertozesekkel\\\/#mainImage\",\"width\":2250,\"height\":1500},\"primaryImageOfPage\":{\"@id\":\"https:\\\/\\\/www.direkt36.hu\\\/en\\\/most-kiderul-hogy-allnak-a-korhazak-a-fertozesekkel\\\/#mainImage\"},\"datePublished\":\"2026-09-04T08:53:17+02:00\",\"dateModified\":\"2026-09-04T09:54:26+02:00\"},{\"@type\":\"WebSite\",\"@id\":\"https:\\\/\\\/www.direkt36.hu\\\/en\\\/#website\",\"url\":\"https:\\\/\\\/www.direkt36.hu\\\/en\\\/\",\"name\":\"Direkt 36\",\"description\":\"Direkt36 is a non-profit investigative journalism center with the mission to hold powerful people and institutions accountable.\",\"inLanguage\":\"en-US\",\"publisher\":{\"@id\":\"https:\\\/\\\/www.direkt36.hu\\\/en\\\/#organization\"}}]}\n\t\t<\/script>\n\t\t<!-- All in One SEO -->\n\n","aioseo_head_json":{"title":"(Magyar) Most kider\u00fcl, hogy \u00e1llnak a k\u00f3rh\u00e1zak a fert\u0151z\u00e9sekkel - Direkt36","description":"A kor\u00e1bbi titkol\u00f3z\u00e1shoz k\u00e9pest teljes fordulatot v\u00e9ve a Nemzeti N\u00e9peg\u00e9szs\u00e9g\u00fcgyi \u00e9s Gy\u00f3gyszer\u00e9szeti K\u00f6zpont p\u00e9ntek reggelre nyilv\u00e1noss\u00e1gra hozza \u00e9s egy interakt\u00edv fel\u00fcleten kereshet\u0151v\u00e9 teszi a k\u00f3rh\u00e1zi fert\u0151z\u00e9sek adatb\u00e1zis\u00e1t. Ezek a fert\u0151z\u00e9sek \u00e9vente k\u00f3rh\u00e1zi betegek ezreinek okoznak felesleges szenved\u00e9st \u00e9s s\u00falyos sz\u00f6v\u0151dm\u00e9nyeket, de eddig nem siker\u00fclt visszaszor\u00edtani a terjed\u00e9s\u00fcket.","canonical_url":"https:\/\/www.direkt36.hu\/en\/most-kiderul-hogy-allnak-a-korhazak-a-fertozesekkel\/","robots":"max-image-preview:large","keywords":"","webmasterTools":{"miscellaneous":""},"schema":{"@context":"https:\/\/schema.org","@graph":[{"@type":"BlogPosting","@id":"https:\/\/www.direkt36.hu\/en\/most-kiderul-hogy-allnak-a-korhazak-a-fertozesekkel\/#blogposting","name":"(Magyar) Most kider\u00fcl, hogy \u00e1llnak a k\u00f3rh\u00e1zak a fert\u0151z\u00e9sekkel - Direkt36","headline":"(Magyar) Most kider\u00fcl, hogy \u00e1llnak a k\u00f3rh\u00e1zak a fert\u0151z\u00e9sekkel","author":{"@id":"https:\/\/www.direkt36.hu\/en\/author\/zsuzsi\/#author"},"publisher":{"@id":"https:\/\/www.direkt36.hu\/en\/#organization"},"image":{"@type":"ImageObject","url":"https:\/\/www.direkt36.hu\/wp-content\/uploads\/2023\/10\/semmelweis_1.jpg","width":2250,"height":1500},"datePublished":"2026-09-04T08:53:17+02:00","dateModified":"2026-09-04T09:54:26+02:00","inLanguage":"en-US","mainEntityOfPage":{"@id":"https:\/\/www.direkt36.hu\/en\/most-kiderul-hogy-allnak-a-korhazak-a-fertozesekkel\/#webpage"},"isPartOf":{"@id":"https:\/\/www.direkt36.hu\/en\/most-kiderul-hogy-allnak-a-korhazak-a-fertozesekkel\/#webpage"},"articleSection":"Direkt36, Hospital-acquired infections, k\u00f3rh\u00e1zi fert\u0151z\u00e9s, Hospital-acquired infections, Zsuzsanna Wirth"},{"@type":"BreadcrumbList","@id":"https:\/\/www.direkt36.hu\/en\/most-kiderul-hogy-allnak-a-korhazak-a-fertozesekkel\/#breadcrumblist","itemListElement":[{"@type":"ListItem","@id":"https:\/\/www.direkt36.hu\/en#listItem","position":1,"name":"Home","item":"https:\/\/www.direkt36.hu\/en","nextItem":{"@type":"ListItem","@id":"https:\/\/www.direkt36.hu\/en\/category\/direkt36\/#listItem","name":"Direkt36"}},{"@type":"ListItem","@id":"https:\/\/www.direkt36.hu\/en\/category\/direkt36\/#listItem","position":2,"name":"Direkt36","item":"https:\/\/www.direkt36.hu\/en\/category\/direkt36\/","nextItem":{"@type":"ListItem","@id":"https:\/\/www.direkt36.hu\/en\/most-kiderul-hogy-allnak-a-korhazak-a-fertozesekkel\/#listItem","name":"(Magyar) Most kider\u00fcl, hogy \u00e1llnak a k\u00f3rh\u00e1zak a fert\u0151z\u00e9sekkel"},"previousItem":{"@type":"ListItem","@id":"https:\/\/www.direkt36.hu\/en#listItem","name":"Home"}},{"@type":"ListItem","@id":"https:\/\/www.direkt36.hu\/en\/most-kiderul-hogy-allnak-a-korhazak-a-fertozesekkel\/#listItem","position":3,"name":"(Magyar) Most kider\u00fcl, hogy \u00e1llnak a k\u00f3rh\u00e1zak a fert\u0151z\u00e9sekkel","previousItem":{"@type":"ListItem","@id":"https:\/\/www.direkt36.hu\/en\/category\/direkt36\/#listItem","name":"Direkt36"}}]},{"@type":"Organization","@id":"https:\/\/www.direkt36.hu\/en\/#organization","name":"Direkt 36","description":"Direkt36 is a non-profit investigative journalism center with the mission to hold powerful people and institutions accountable.","url":"https:\/\/www.direkt36.hu\/en\/"},{"@type":"Person","@id":"https:\/\/www.direkt36.hu\/en\/author\/zsuzsi\/#author","url":"https:\/\/www.direkt36.hu\/en\/author\/zsuzsi\/","name":"Zsuzsanna Wirth"},{"@type":"WebPage","@id":"https:\/\/www.direkt36.hu\/en\/most-kiderul-hogy-allnak-a-korhazak-a-fertozesekkel\/#webpage","url":"https:\/\/www.direkt36.hu\/en\/most-kiderul-hogy-allnak-a-korhazak-a-fertozesekkel\/","name":"(Magyar) Most kider\u00fcl, hogy \u00e1llnak a k\u00f3rh\u00e1zak a fert\u0151z\u00e9sekkel - Direkt36","description":"A kor\u00e1bbi titkol\u00f3z\u00e1shoz k\u00e9pest teljes fordulatot v\u00e9ve a Nemzeti N\u00e9peg\u00e9szs\u00e9g\u00fcgyi \u00e9s Gy\u00f3gyszer\u00e9szeti K\u00f6zpont p\u00e9ntek reggelre nyilv\u00e1noss\u00e1gra hozza \u00e9s egy interakt\u00edv fel\u00fcleten kereshet\u0151v\u00e9 teszi a k\u00f3rh\u00e1zi fert\u0151z\u00e9sek adatb\u00e1zis\u00e1t. Ezek a fert\u0151z\u00e9sek \u00e9vente k\u00f3rh\u00e1zi betegek ezreinek okoznak felesleges szenved\u00e9st \u00e9s s\u00falyos sz\u00f6v\u0151dm\u00e9nyeket, de eddig nem siker\u00fclt visszaszor\u00edtani a terjed\u00e9s\u00fcket.","inLanguage":"en-US","isPartOf":{"@id":"https:\/\/www.direkt36.hu\/en\/#website"},"breadcrumb":{"@id":"https:\/\/www.direkt36.hu\/en\/most-kiderul-hogy-allnak-a-korhazak-a-fertozesekkel\/#breadcrumblist"},"author":{"@id":"https:\/\/www.direkt36.hu\/en\/author\/zsuzsi\/#author"},"creator":{"@id":"https:\/\/www.direkt36.hu\/en\/author\/zsuzsi\/#author"},"image":{"@type":"ImageObject","url":"https:\/\/www.direkt36.hu\/wp-content\/uploads\/2023\/10\/semmelweis_1.jpg","@id":"https:\/\/www.direkt36.hu\/en\/most-kiderul-hogy-allnak-a-korhazak-a-fertozesekkel\/#mainImage","width":2250,"height":1500},"primaryImageOfPage":{"@id":"https:\/\/www.direkt36.hu\/en\/most-kiderul-hogy-allnak-a-korhazak-a-fertozesekkel\/#mainImage"},"datePublished":"2026-09-04T08:53:17+02:00","dateModified":"2026-09-04T09:54:26+02:00"},{"@type":"WebSite","@id":"https:\/\/www.direkt36.hu\/en\/#website","url":"https:\/\/www.direkt36.hu\/en\/","name":"Direkt 36","description":"Direkt36 is a non-profit investigative journalism center with the mission to hold powerful people and institutions accountable.","inLanguage":"en-US","publisher":{"@id":"https:\/\/www.direkt36.hu\/en\/#organization"}}]},"og:locale":"en_US","og:site_name":"Direkt36 - Direkt36 is a non-profit investigative journalism center with the mission to hold powerful people and institutions accountable.","og:type":"article","og:title":"(Magyar) Most kider\u00fcl, hogy \u00e1llnak a k\u00f3rh\u00e1zak a fert\u0151z\u00e9sekkel - Direkt36","og:description":"A kor\u00e1bbi titkol\u00f3z\u00e1shoz k\u00e9pest teljes fordulatot v\u00e9ve a Nemzeti N\u00e9peg\u00e9szs\u00e9g\u00fcgyi \u00e9s Gy\u00f3gyszer\u00e9szeti K\u00f6zpont p\u00e9ntek reggelre nyilv\u00e1noss\u00e1gra hozza \u00e9s egy interakt\u00edv fel\u00fcleten kereshet\u0151v\u00e9 teszi a k\u00f3rh\u00e1zi fert\u0151z\u00e9sek adatb\u00e1zis\u00e1t. Ezek a fert\u0151z\u00e9sek \u00e9vente k\u00f3rh\u00e1zi betegek ezreinek okoznak felesleges szenved\u00e9st \u00e9s s\u00falyos sz\u00f6v\u0151dm\u00e9nyeket, de eddig nem siker\u00fclt visszaszor\u00edtani a terjed\u00e9s\u00fcket.","og:url":"https:\/\/www.direkt36.hu\/en\/most-kiderul-hogy-allnak-a-korhazak-a-fertozesekkel\/","og:image":"https:\/\/www.direkt36.hu\/wp-content\/uploads\/2023\/10\/semmelweis_1.jpg","og:image:secure_url":"https:\/\/www.direkt36.hu\/wp-content\/uploads\/2023\/10\/semmelweis_1.jpg","og:image:width":2250,"og:image:height":1500,"article:published_time":"2026-09-04T06:53:17+00:00","article:modified_time":"2026-09-04T07:54:26+00:00","twitter:card":"summary_large_image","twitter:title":"(Magyar) Most kider\u00fcl, hogy \u00e1llnak a k\u00f3rh\u00e1zak a fert\u0151z\u00e9sekkel - Direkt36","twitter:description":"A kor\u00e1bbi titkol\u00f3z\u00e1shoz k\u00e9pest teljes fordulatot v\u00e9ve a Nemzeti N\u00e9peg\u00e9szs\u00e9g\u00fcgyi \u00e9s Gy\u00f3gyszer\u00e9szeti K\u00f6zpont p\u00e9ntek reggelre nyilv\u00e1noss\u00e1gra hozza \u00e9s egy interakt\u00edv fel\u00fcleten kereshet\u0151v\u00e9 teszi a k\u00f3rh\u00e1zi fert\u0151z\u00e9sek adatb\u00e1zis\u00e1t. Ezek a fert\u0151z\u00e9sek \u00e9vente k\u00f3rh\u00e1zi betegek ezreinek okoznak felesleges szenved\u00e9st \u00e9s s\u00falyos sz\u00f6v\u0151dm\u00e9nyeket, de eddig nem siker\u00fclt visszaszor\u00edtani a terjed\u00e9s\u00fcket.","twitter:image":"https:\/\/www.direkt36.hu\/wp-content\/uploads\/2023\/10\/semmelweis_1.jpg"},"aioseo_meta_data":{"post_id":"13324","title":null,"description":"A kor\u00e1bbi titkol\u00f3z\u00e1shoz k\u00e9pest teljes fordulatot v\u00e9ve a Nemzeti N\u00e9peg\u00e9szs\u00e9g\u00fcgyi \u00e9s Gy\u00f3gyszer\u00e9szeti K\u00f6zpont p\u00e9ntek reggelre nyilv\u00e1noss\u00e1gra hozza \u00e9s egy interakt\u00edv fel\u00fcleten kereshet\u0151v\u00e9 teszi a k\u00f3rh\u00e1zi fert\u0151z\u00e9sek adatb\u00e1zis\u00e1t. Ezek a fert\u0151z\u00e9sek \u00e9vente k\u00f3rh\u00e1zi betegek ezreinek okoznak felesleges szenved\u00e9st \u00e9s s\u00falyos sz\u00f6v\u0151dm\u00e9nyeket, de eddig nem siker\u00fclt visszaszor\u00edtani a terjed\u00e9s\u00fcket.","keywords":null,"keyphrases":{"focus":{"keyphrase":"","score":0,"analysis":{"keyphraseInTitle":{"score":0,"maxScore":9,"error":1}}},"additional":[]},"primary_term":null,"canonical_url":null,"og_title":null,"og_description":null,"og_object_type":"default","og_image_type":"default","og_image_url":null,"og_image_width":null,"og_image_height":null,"og_image_custom_url":null,"og_image_custom_fields":null,"og_video":"","og_custom_url":null,"og_article_section":null,"og_article_tags":null,"twitter_use_og":false,"twitter_card":"default","twitter_image_type":"default","twitter_image_url":null,"twitter_image_custom_url":null,"twitter_image_custom_fields":null,"twitter_title":null,"twitter_description":null,"schema":{"blockGraphs":[],"customGraphs":[],"default":{"data":{"Article":[],"Course":[],"Dataset":[],"FAQPage":[],"Movie":[],"Person":[],"Product":[],"ProductReview":[],"Car":[],"Recipe":[],"Service":[],"SoftwareApplication":[],"WebPage":[]},"graphName":"BlogPosting","isEnabled":true},"graphs":[]},"schema_type":"default","schema_type_options":null,"pillar_content":false,"robots_default":true,"robots_noindex":false,"robots_noarchive":false,"robots_nosnippet":false,"robots_nofollow":false,"robots_noimageindex":false,"robots_noodp":false,"robots_notranslate":false,"robots_max_snippet":"-1","robots_max_videopreview":"-1","robots_max_imagepreview":"large","priority":null,"frequency":"default","local_seo":null,"breadcrumb_settings":null,"limit_modified_date":false,"ai":{"faqs":[],"keyPoints":[],"schemas":[],"titles":[],"descriptions":[],"socialPosts":{"email":{"subject":"","preview":"","content":""},"linkedin":[],"twitter":[],"facebook":[],"instagram":[]}},"created":"2026-09-03 20:22:55","updated":"2026-09-04 08:22:20","seo_analyzer_scan_date":null},"aioseo_breadcrumb":"<div class=\"aioseo-breadcrumbs\"><span class=\"aioseo-breadcrumb\">\n\t\t\t<a href=\"https:\/\/www.direkt36.hu\/en\" title=\"Home\">Home<\/a>\n\t\t<\/span><span class=\"aioseo-breadcrumb-separator\">&raquo;<\/span><span class=\"aioseo-breadcrumb\">\n\t\t\t<a href=\"https:\/\/www.direkt36.hu\/en\/category\/direkt36\/\" title=\"Direkt36\">Direkt36<\/a>\n\t\t<\/span><span class=\"aioseo-breadcrumb-separator\">&raquo;<\/span><span class=\"aioseo-breadcrumb\">\n\t\t\t(Magyar) Most kider\u00fcl, hogy \u00e1llnak a k\u00f3rh\u00e1zak a fert\u0151z\u00e9sekkel\n\t\t<\/span><\/div>","aioseo_breadcrumb_json":[{"label":"Home","link":"https:\/\/www.direkt36.hu\/en"},{"label":"Direkt36","link":"https:\/\/www.direkt36.hu\/en\/category\/direkt36\/"},{"label":"(Magyar) Most kider\u00fcl, hogy \u00e1llnak a k\u00f3rh\u00e1zak a fert\u0151z\u00e9sekkel","link":"https:\/\/www.direkt36.hu\/en\/most-kiderul-hogy-allnak-a-korhazak-a-fertozesekkel\/"}],"fimg_url":["https:\/\/www.direkt36.hu\/wp-content\/uploads\/2023\/10\/semmelweis_1.jpg",2250,1500,false],"authors":[{"term_id":558,"user_id":24,"is_guest":0,"slug":"zsuzsi","display_name":"Zsuzsanna Wirth","avatar_url":{"url":"https:\/\/www.direkt36.hu\/wp-content\/uploads\/2023\/10\/Wirth-Zsuzsanna.png","url2x":"https:\/\/www.direkt36.hu\/wp-content\/uploads\/2023\/10\/Wirth-Zsuzsanna.png"},"author_category":"1","user_url":"","last_name":"Wirth","first_name":"Zsuzsanna","job_title":"","description":"[:hu]M\u00e1sod\u00e9ves egyetemistak\u00e9nt ker\u00fclt az Origo szerkeszt\u0151s\u00e9g\u00e9be, ahol t\u00edz \u00e9vet t\u00f6lt\u00f6tt a politika rovatban. K\u00e9s\u0151bb dolgozott a Forbesnak \u00e9s a Marie Claire-nek, 2016 \u00f3ta pedig a Direkt36 \u00fajs\u00e1g\u00edr\u00f3ja, 2022 \u00f3ta szerkeszt\u0151je is. 2022-ben az OCCRP \u00f6szt\u00f6nd\u00edjasak\u00e9nt tanult a t\u00e9nyfelt\u00e1r\u00f3 \u00fajs\u00e1g\u00edr\u00e1sban alkalmazhat\u00f3 OSINT \u00e9s m\u00e1s kutat\u00e1si technik\u00e1kr\u00f3l. H\u00e1romszor is elnyerte a Min\u0151s\u00e9gi \u00dajs\u00e1g\u00edr\u00e1s\u00e9rt d\u00edjat. 2023-ban Szente L\u00e1szl\u00f3-d\u00edjat kapott, a k\u00f3rh\u00e1zi fert\u0151z\u00e9sek eltitkolt helyzet\u00e9t felt\u00e1r\u00f3 cikksorozat\u00e1\u00e9rt pedig Marton Kamill\u00e1val k\u00f6z\u00f6sen elnyerte a Transparency-Soma d\u00edjat. Az ELTE m\u00e9dia szak\u00e1n 2023-ig \u00fajs\u00e1g\u00edr\u00e1st tan\u00edtott, a fiatal \u00fajs\u00e1g\u00edr\u00f3k tov\u00e1bbk\u00e9pz\u00e9s\u00e9re l\u00e9trej\u00f6tt Pelik\u00e1n Projektben jelenleg is oktat\u00f3k\u00e9nt m\u0171k\u00f6dik k\u00f6zre.[:en]Zsuzsanna started her journalistic carreer at Origo, where she spent ten years at the news desk, covering and investigating various political and social issues as well as corruption and organized crime. She worked for the Hungarian editions of Forbes and Marie Claire. She has been workign at Direkt36 as a journalist since 2016, and as an editor since 2022. In 2022, she studied OSINT techniques as an OCCRP Research Fellow. She was awarded the Prize for Quality Journalism three times. In 2023, she received the L\u00e1szl\u00f3 Szente-Prize, and together with Kamilla Marton she also won the Transparency-Soma award for her series of articles exposing the hidden situation of hospital-acquired infections. She teaches journalism at ELTE\u2019s media department.[:]"}],"tag_names":[{"name":"k\u00f3rh\u00e1zi fert\u0151z\u00e9s","slug":"korhazi-fertozes"},{"name":"Hospital-acquired infections","slug":"korhazi-fertozesek"}],"category_names":[{"name":"Direkt36","slug":"direkt36"},{"name":"Hospital-acquired infections","slug":"korhazi-fertozesek"}],"_links":{"self":[{"href":"https:\/\/www.direkt36.hu\/en\/wp-json\/wp\/v2\/posts\/13324"}],"collection":[{"href":"https:\/\/www.direkt36.hu\/en\/wp-json\/wp\/v2\/posts"}],"about":[{"href":"https:\/\/www.direkt36.hu\/en\/wp-json\/wp\/v2\/types\/post"}],"author":[{"embeddable":true,"href":"https:\/\/www.direkt36.hu\/en\/wp-json\/wp\/v2\/users\/24"}],"replies":[{"embeddable":true,"href":"https:\/\/www.direkt36.hu\/en\/wp-json\/wp\/v2\/comments?post=13324"}],"version-history":[{"count":0,"href":"https:\/\/www.direkt36.hu\/en\/wp-json\/wp\/v2\/posts\/13324\/revisions"}],"wp:featuredmedia":[{"embeddable":true,"href":"https:\/\/www.direkt36.hu\/en\/wp-json\/wp\/v2\/media\/10511"}],"wp:attachment":[{"href":"https:\/\/www.direkt36.hu\/en\/wp-json\/wp\/v2\/media?parent=13324"}],"wp:term":[{"taxonomy":"category","embeddable":true,"href":"https:\/\/www.direkt36.hu\/en\/wp-json\/wp\/v2\/categories?post=13324"},{"taxonomy":"post_tag","embeddable":true,"href":"https:\/\/www.direkt36.hu\/en\/wp-json\/wp\/v2\/tags?post=13324"},{"taxonomy":"author","embeddable":true,"href":"https:\/\/www.direkt36.hu\/en\/wp-json\/wp\/v2\/ppma_author?post=13324"}],"curies":[{"name":"wp","href":"https:\/\/api.w.org\/{rel}","templated":true}]}}